{"id":573,"date":"2026-02-08T16:18:16","date_gmt":"2026-02-08T15:18:16","guid":{"rendered":"https:\/\/feuerwehr-ebersgoens.de\/wordpress\/?p=573"},"modified":"2026-02-08T16:18:16","modified_gmt":"2026-02-08T15:18:16","slug":"jhv-2026-feuerwehr-darf-kein-spielball-werden","status":"publish","type":"post","link":"https:\/\/feuerwehr-ebersgoens.de\/wordpress\/?p=573","title":{"rendered":"JHV 2026: Feuerwehr darf kein Spielball werden"},"content":{"rendered":"\n<p>EBERSG\u00d6NS Geduld m\u00fcssen die Ebersg\u00f6nser Feuerwehrleute haben, denn der Neubau l\u00e4sst weiterhin auf sich warten. Innerhalb der Jahreshauptversammlung hatte Vorsitzender Alexander C. Wei\u00df zum Ausdruck gebracht, dass die Feuerwehr nicht zu einem \u201eSpielball der Politik\u201c werden d\u00fcrfe.<\/p>\n\n\n\n<p>Eingangs der Versammlung galten die Gr\u00fc\u00dfe dem Stadtbrandinspektor Christian Veitenhansl, Ehrenmitglied Dieter Hormel sowie den anwesenden Mitgliedern. Die Versammlung gedachte im Anschluss den k\u00fcrzlich verstorbenen Ehrenmitgliedern G\u00fcnther Schmidt und Klaus M\u00fcller.<\/p>\n\n\n\n<p>Wehrf\u00fchrer J\u00f6rg Wagner berichtete, dass die Einsatzabteilung aus 16 Kr\u00e4ften besteht. Im Berichtszeitraum wurden 14 \u00f6rtliche\/\u00fcber\u00f6rtliche \u00dcbungs- und Unterrichtsveranstaltungen angeboten. 12 Sitzungen des Standortausschusses fanden statt. Lehrg\u00e4nge wurden erfolgreich von Nico Althenn und Sven Tepel abgeschlossen. Im abgelaufenen Jahr wurden die Ebersg\u00f6nser Brandsch\u00fctzer zu 5 Eins\u00e4tzen alarmiert. Mit Blick auf den Neubau des Ger\u00e4tehaus teilte Wehrf\u00fchrer Wagner mit, dass die Planung noch nicht abgeschlossen w\u00e4re.<\/p>\n\n\n\n<p>Franz Weigel, Sprecher der Ehren- und Altersabteilung konnte von einigen Aktivit\u00e4ten der ehemaligen Brandsch\u00fctzer berichten. Erw\u00e4hnenswert war der Ausflug aller Ehren- und Altersabteilungen aus den Reihen der Feuerwehr Stadt Butzbach nach Frankfurt in das Brand-, Rettungs- und Katastrophenschutzzentrum (BRKZ). Die Teilnehmer zeigten sich beeindruckt von den vorhandenen M\u00f6glichkeiten f\u00fcr bevorstehende Eins\u00e4tze sowie deren Ausbildung.<\/p>\n\n\n\n<p>Laura Z\u00f6rb informierte \u00fcber die Mini- und Jugendfeuerwehr. So habe die Jugendfeuerwehr zum Jahresende aus 5 Mitgliedern bestanden. Neben einer Vielzahl von praktischen \u00dcbungen wurde auch das Wissen in die Theorie vertieft. Die Minifeuerwehr kam im Berichtsjahr zu 8 Gruppenstunden zusammen. Hier wurde den Kindern die Aufgaben und T\u00e4tigkeiten einer Feuerwehr auf altersgerechte und spielerische Weise n\u00e4hergebracht. In der Minifeuerwehr wurden im Berichtsjahr 9 Kindern gez\u00e4hlt. Dringend gesucht wird ein Betreuer oder eine Betreuerin f\u00fcr die Minifeuerwehr. Vorwissen und eine Mitgliedschaft in Verein oder Einsatzabteilung sind nicht erforderlich und das Team der Einsatzabteilung st\u00fcnde zur Unterst\u00fctzung jederzeit bereit.<\/p>\n\n\n\n<p>F\u00fcr den Feuerwehr-Verein berichtete Vorsitzender Alexander C. Wei\u00df von der Teilnahme an Veranstaltungen befreundeter Organisationen und Vereine, z.B. am Ortspokalschie\u00dfen. Aufgrund einiger paralleler Veranstaltungen konnte der Tag der Feuerwehr nicht durchgef\u00fchrt werden, wird in diesem Jahr aber am 09. Mai stattfinden. Beteiligt hatte sich die Feuerwehr zudem mit ihrer beliebten Gulaschsuppe am Ebersg\u00f6nser Weihnachtsmarkt.<\/p>\n\n\n\n<p>Die Unterst\u00fctzung der Einsatzabteilung sei die vordringliche Aufgabe, was im vergangenen Jahr zum Beispiel mit der Beschaffung eines 100\u201c Monitors f\u00fcr den Unterrichtsbetrieb umgesetzt wurde. Dies war auch dank der finanziellen Unterst\u00fctzung des Vereinsring Butzbach m\u00f6glich, wof\u00fcr sich Wei\u00df im Namen der Feuerwehr bedankte.<\/p>\n\n\n\n<p>Kassenwart Nico Althenn trug die finanzielle Seite der Ebersg\u00f6nser Wehr vor. Im Anschluss best\u00e4tigte Norbert Ludwig im Namen der beiden Kassenpr\u00fcfer dem Kassenwart eine ordnungsgem\u00e4\u00dfe Arbeit.<\/p>\n\n\n\n<p>Stadtbrandinspektor Christian Veitenhansl stellte fest, dass der Feuerwehr-Neubau nicht nur in Ebersg\u00f6ns ein wichtiges Thema sei, auch f\u00fcr die Feuerwehr Stadt Butzbach sei dieses Thema von hoher Wichtigkeit. Wie Veitenhansl dazu ausf\u00fchrte, sind die Mittel f\u00fcr 2027 bewilligt. Durch die Bewilligung des Haushaltes f\u00fcr 2027 werde ein Beginn des Baus f\u00fcr dieses Jahr unwahrscheinlich. Die vorgebrachten Vorschl\u00e4ge in der Stadtverordnetenversammlung wurden zwar zuletzt abgelehnt, dadurch komme es aber zu einer weiteren Gef\u00e4hrdung der Planung. Bereits am 13. Februar ist ein weiterer Termin zur Planung mit dem Fachdienst 5 Stadt Butzbach vorgesehen.<\/p>\n\n\n\n<p>In seiner Funktion als Ortsbeirat und Stv. Ortsvorsteher f\u00fcr Ebersg\u00f6ns berichtete Alexander C. Wei\u00df, dass die Feuerwehr und das neue Ger\u00e4tehaus zunehmend zum Spielball der Politik werden. Vorschl\u00e4ge wie zuletzt von der SPD, Ger\u00e4tehaus und Turnhalle in einem Bauprojekt zu ber\u00fccksichtigen, gef\u00e4hrden massiv die zeitliche Planung, welche ohnehin schon viele Jahre andauere. Auch von anderen Parteien werde insbesondere den Ebersg\u00f6nsern immer wieder vorgeworfen, sie w\u00fcssten nicht, was sie wollen. Wei\u00df wies das auch im Namen der Ebersg\u00f6nser Bev\u00f6lkerung von sich. Insbesondere der aktuelle Ortsbeirat hatte schon vor Jahren eine klar priorisierte Bedarfsliste f\u00fcr den Ort aufgestellt, an der sich zu keinem Zeitpunkt etwas \u00e4nderte: 1. Ger\u00e4tehaus f\u00fcr die Feuerwehr, 2. Kita f\u00fcr die Kleinsten und 3. Turnhalle f\u00fcr den Kinder- und Jugendsport. Dass sich \u00fcber Jahre der fehlenden Investitionen in Ebersg\u00f6ns mehrere Bedarfe und damit W\u00fcnsche in der Bev\u00f6lkerung entwickelten, sollte weder \u00fcberraschend noch verwerflich sein. Wei\u00df warnte davor, dass sich in Folge von Wahlkampfpropaganda im Ort eine Stimmung Pro-Feuerwehr gegen Pro-Turnhalle entwickelt und warb um das gemeinsame Miteinander. Man d\u00fcrfe sich nicht verr\u00fcckt machen lassen, sollte Ruhe bewahren und den Dialog suchen. Im Ort best\u00fcnde dieser \u2013 w\u00fcnschenswert w\u00e4re, wenn dieser auch \u00fcber\u00f6rtlich, insbesondere durch die politischen Vertreter mit Ortsbeirat und Vertretern von TSV und Feuerwehr gesucht werden w\u00fcrde.<\/p>\n\n\n\n<p>Bei den turnusgem\u00e4\u00df anstehenden Wahlen wurde der Vorstand im Amt best\u00e4tigt und wiedergew\u00e4hlt. Satzung und Gesch\u00e4ftsordnung wurden aktualisiert und an ge\u00e4nderte Rahmenbedingungen angepasst. Die Beitr\u00e4ge f\u00fcr aktive und passive Mitglieder bleiben unver\u00e4ndert. <\/p>\n\n\n\n<figure class=\"wp-block-image size-large\"><img loading=\"lazy\" decoding=\"async\" width=\"1024\" height=\"768\" src=\"https:\/\/feuerwehr-ebersgoens.de\/wordpress\/wp-content\/uploads\/2026\/02\/2026-02-07_2125_JHV_f_2025_4-1024x768.jpg\" alt=\"\" class=\"wp-image-575\" srcset=\"https:\/\/feuerwehr-ebersgoens.de\/wordpress\/wp-content\/uploads\/2026\/02\/2026-02-07_2125_JHV_f_2025_4-1024x768.jpg 1024w, https:\/\/feuerwehr-ebersgoens.de\/wordpress\/wp-content\/uploads\/2026\/02\/2026-02-07_2125_JHV_f_2025_4-300x225.jpg 300w, https:\/\/feuerwehr-ebersgoens.de\/wordpress\/wp-content\/uploads\/2026\/02\/2026-02-07_2125_JHV_f_2025_4-768x576.jpg 768w, https:\/\/feuerwehr-ebersgoens.de\/wordpress\/wp-content\/uploads\/2026\/02\/2026-02-07_2125_JHV_f_2025_4-1536x1152.jpg 1536w, https:\/\/feuerwehr-ebersgoens.de\/wordpress\/wp-content\/uploads\/2026\/02\/2026-02-07_2125_JHV_f_2025_4-2048x1536.jpg 2048w\" sizes=\"auto, (max-width: 1024px) 100vw, 1024px\" \/><\/figure>\n\n\n\n<p>F\u00fcr ihre langj\u00e4hrige Mitgliedschaft im F\u00f6rderverein der Feuerwehr Ebersg\u00f6ns wurden Rita B\u00f6ger (40 Jahre) und Klaus Althenn (50 Jahre) ausgezeichnet.<\/p>\n\n\n\n<p>F\u00fcr weitere Informationen rund um das Thema Feuerwehr Ebersg\u00f6ns wurde auf die Homepage www.feuerwehr-ebersgoens.de verwiesen. Neu gibt es auch den Instagram-Account www.instagram.com\/ffw.ebersgoens. Die Feuerwehr freut sich \u00fcber Anfragen und R\u00fcckmeldungen.<strong><\/strong><\/p>\n\n\n\n<p><\/p>\n\n\n\n<p><strong>Gesch\u00e4ftsf\u00fchrender Vorstand:<\/strong><br>Vorsitzender: Alexander C. Wei\u00df<br>2. Vorsitzender: J\u00f6rg Wagner<br>Kassenwart: Nico Althenn<br><\/p>\n\n\n\n<p><strong>Vereinsvorstand:<\/strong><br>Schriftf\u00fchrer: Sven Tepel<br>1. Beisitzer: Marcel Reusch<br>2. Beisitzer: Martin Hildebrand<br>3. Beisitzer: Alexander Weigel<\/p>\n\n\n\n<p><strong>Kassenpr\u00fcfer:<\/strong><br>Leonie Lehmann<br>Bj\u00f6rn Schmidt<\/p>\n\n\n\n<p><strong>Wehrausschuss:<\/strong><br>Wehrf\u00fchrer: J\u00f6rg Wagner<br>stv. Wehrf\u00fchrer: Markus Hampl<br>2. stv. Wehrf\u00fchrer: Dr. Stefan Lugert<br>Schriftf\u00fchrer: Markus Hampl<br>Vertreter E&amp;A: Franz Weigel<br>Vertreter JFW: Laura Z\u00f6rb<br>1. Beisitzer: Marcel Reusch<br>2. Beisitzer: Joachim Z\u00f6rb<br>3. Beisitzer: Nico Althenn<\/p>\n","protected":false},"excerpt":{"rendered":"<p>EBERSG\u00d6NS Geduld m\u00fcssen die Ebersg\u00f6nser Feuerwehrleute haben, denn der Neubau l\u00e4sst weiterhin auf sich warten. Innerhalb der Jahreshauptversammlung hatte Vorsitzender Alexander C. Wei\u00df zum Ausdruck gebracht, dass die Feuerwehr nicht zu einem \u201eSpielball der Politik\u201c werden d\u00fcrfe. Eingangs der Versammlung galten die Gr\u00fc\u00dfe dem Stadtbrandinspektor Christian Veitenhansl, Ehrenmitglied Dieter Hormel sowie den anwesenden Mitgliedern. Die [&hellip;]<\/p>\n","protected":false},"author":10,"featured_media":574,"comment_status":"open","ping_status":"open","sticky":false,"template":"","format":"standard","meta":{"footnotes":""},"categories":[3],"tags":[4],"class_list":["post-573","post","type-post","status-publish","format-standard","has-post-thumbnail","hentry","category-veranstaltungen","tag-jahreshauptversammlung"],"_links":{"self":[{"href":"https:\/\/feuerwehr-ebersgoens.de\/wordpress\/index.php?rest_route=\/wp\/v2\/posts\/573","targetHints":{"allow":["GET"]}}],"collection":[{"href":"https:\/\/feuerwehr-ebersgoens.de\/wordpress\/index.php?rest_route=\/wp\/v2\/posts"}],"about":[{"href":"https:\/\/feuerwehr-ebersgoens.de\/wordpress\/index.php?rest_route=\/wp\/v2\/types\/post"}],"author":[{"embeddable":true,"href":"https:\/\/feuerwehr-ebersgoens.de\/wordpress\/index.php?rest_route=\/wp\/v2\/users\/10"}],"replies":[{"embeddable":true,"href":"https:\/\/feuerwehr-ebersgoens.de\/wordpress\/index.php?rest_route=%2Fwp%2Fv2%2Fcomments&post=573"}],"version-history":[{"count":1,"href":"https:\/\/feuerwehr-ebersgoens.de\/wordpress\/index.php?rest_route=\/wp\/v2\/posts\/573\/revisions"}],"predecessor-version":[{"id":576,"href":"https:\/\/feuerwehr-ebersgoens.de\/wordpress\/index.php?rest_route=\/wp\/v2\/posts\/573\/revisions\/576"}],"wp:featuredmedia":[{"embeddable":true,"href":"https:\/\/feuerwehr-ebersgoens.de\/wordpress\/index.php?rest_route=\/wp\/v2\/media\/574"}],"wp:attachment":[{"href":"https:\/\/feuerwehr-ebersgoens.de\/wordpress\/index.php?rest_route=%2Fwp%2Fv2%2Fmedia&parent=573"}],"wp:term":[{"taxonomy":"category","embeddable":true,"href":"https:\/\/feuerwehr-ebersgoens.de\/wordpress\/index.php?rest_route=%2Fwp%2Fv2%2Fcategories&post=573"},{"taxonomy":"post_tag","embeddable":true,"href":"https:\/\/feuerwehr-ebersgoens.de\/wordpress\/index.php?rest_route=%2Fwp%2Fv2%2Ftags&post=573"}],"curies":[{"name":"wp","href":"https:\/\/api.w.org\/{rel}","templated":true}]}}