{"id":557,"date":"2026-01-12T00:22:17","date_gmt":"2026-01-11T23:22:17","guid":{"rendered":"https:\/\/feuerwehr-ebersgoens.de\/wordpress\/?p=557"},"modified":"2026-01-12T00:22:17","modified_gmt":"2026-01-11T23:22:17","slug":"weihnachtsbaeume-gesammelt","status":"publish","type":"post","link":"https:\/\/feuerwehr-ebersgoens.de\/wordpress\/?p=557","title":{"rendered":"Weihnachtsb\u00e4ume gesammelt"},"content":{"rendered":"\n<p>Auch das schlechte Wetter konnte die Jugendfeuerwehr der FFW Ebersg\u00f6ns nicht davon abhalten, wie jedes Jahr die alten Weihnachtsb\u00e4ume einzusammeln. Bis zum Mittag war es geschafft: Unterst\u00fctzt von den gro\u00dfen Kameradinnen und Kameraden der Einsatzabteilung wurde flei\u00dfig alles zusammengetragen, was in Ebersg\u00f6ns zu finden war.<\/p>\n\n\n\n<p>Herzlichen Dank f\u00fcr die Spenden, die an manchen B\u00e4umen zu finden waren. Diese kommen nat\u00fcrlich alle der Jugendfeuerwehr zu gute.<\/p>\n\n\n\n<figure class=\"wp-block-image size-large\"><img loading=\"lazy\" decoding=\"async\" width=\"1024\" height=\"768\" src=\"https:\/\/feuerwehr-ebersgoens.de\/wordpress\/wp-content\/uploads\/2026\/01\/IMG_3511-1024x768.jpeg\" alt=\"\" class=\"wp-image-559\" srcset=\"https:\/\/feuerwehr-ebersgoens.de\/wordpress\/wp-content\/uploads\/2026\/01\/IMG_3511-1024x768.jpeg 1024w, https:\/\/feuerwehr-ebersgoens.de\/wordpress\/wp-content\/uploads\/2026\/01\/IMG_3511-300x225.jpeg 300w, https:\/\/feuerwehr-ebersgoens.de\/wordpress\/wp-content\/uploads\/2026\/01\/IMG_3511-768x576.jpeg 768w, https:\/\/feuerwehr-ebersgoens.de\/wordpress\/wp-content\/uploads\/2026\/01\/IMG_3511-1536x1152.jpeg 1536w, https:\/\/feuerwehr-ebersgoens.de\/wordpress\/wp-content\/uploads\/2026\/01\/IMG_3511.jpeg 2048w\" sizes=\"auto, (max-width: 1024px) 100vw, 1024px\" \/><\/figure>\n\n\n\n<figure class=\"wp-block-image size-large\"><img loading=\"lazy\" decoding=\"async\" width=\"768\" height=\"1024\" src=\"https:\/\/feuerwehr-ebersgoens.de\/wordpress\/wp-content\/uploads\/2026\/01\/IMG_3478-768x1024.jpeg\" alt=\"\" class=\"wp-image-560\" srcset=\"https:\/\/feuerwehr-ebersgoens.de\/wordpress\/wp-content\/uploads\/2026\/01\/IMG_3478-768x1024.jpeg 768w, https:\/\/feuerwehr-ebersgoens.de\/wordpress\/wp-content\/uploads\/2026\/01\/IMG_3478-225x300.jpeg 225w, https:\/\/feuerwehr-ebersgoens.de\/wordpress\/wp-content\/uploads\/2026\/01\/IMG_3478-1152x1536.jpeg 1152w, https:\/\/feuerwehr-ebersgoens.de\/wordpress\/wp-content\/uploads\/2026\/01\/IMG_3478.jpeg 1536w\" sizes=\"auto, (max-width: 768px) 100vw, 768px\" \/><\/figure>\n\n\n\n<figure class=\"wp-block-image size-large\"><img loading=\"lazy\" decoding=\"async\" width=\"1024\" height=\"768\" src=\"https:\/\/feuerwehr-ebersgoens.de\/wordpress\/wp-content\/uploads\/2026\/01\/IMG_3535-1024x768.jpeg\" alt=\"\" class=\"wp-image-561\" srcset=\"https:\/\/feuerwehr-ebersgoens.de\/wordpress\/wp-content\/uploads\/2026\/01\/IMG_3535-1024x768.jpeg 1024w, https:\/\/feuerwehr-ebersgoens.de\/wordpress\/wp-content\/uploads\/2026\/01\/IMG_3535-300x225.jpeg 300w, https:\/\/feuerwehr-ebersgoens.de\/wordpress\/wp-content\/uploads\/2026\/01\/IMG_3535-768x576.jpeg 768w, https:\/\/feuerwehr-ebersgoens.de\/wordpress\/wp-content\/uploads\/2026\/01\/IMG_3535-1536x1152.jpeg 1536w, https:\/\/feuerwehr-ebersgoens.de\/wordpress\/wp-content\/uploads\/2026\/01\/IMG_3535.jpeg 2048w\" sizes=\"auto, (max-width: 1024px) 100vw, 1024px\" \/><\/figure>\n","protected":false},"excerpt":{"rendered":"<p>Auch das schlechte Wetter konnte die Jugendfeuerwehr der FFW Ebersg\u00f6ns nicht davon abhalten, wie jedes Jahr die alten Weihnachtsb\u00e4ume einzusammeln. Bis zum Mittag war es geschafft: Unterst\u00fctzt von den gro\u00dfen Kameradinnen und Kameraden der Einsatzabteilung wurde flei\u00dfig alles zusammengetragen, was in Ebersg\u00f6ns zu finden war. Herzlichen Dank f\u00fcr die Spenden, die an manchen B\u00e4umen zu [&hellip;]<\/p>\n","protected":false},"author":2,"featured_media":558,"comment_status":"open","ping_status":"open","sticky":false,"template":"","format":"standard","meta":{"footnotes":""},"categories":[7],"tags":[24,22],"class_list":["post-557","post","type-post","status-publish","format-standard","has-post-thumbnail","hentry","category-einsatz","tag-einsatzabteilung","tag-jugendfeuerwehr"],"_links":{"self":[{"href":"https:\/\/feuerwehr-ebersgoens.de\/wordpress\/index.php?rest_route=\/wp\/v2\/posts\/557","targetHints":{"allow":["GET"]}}],"collection":[{"href":"https:\/\/feuerwehr-ebersgoens.de\/wordpress\/index.php?rest_route=\/wp\/v2\/posts"}],"about":[{"href":"https:\/\/feuerwehr-ebersgoens.de\/wordpress\/index.php?rest_route=\/wp\/v2\/types\/post"}],"author":[{"embeddable":true,"href":"https:\/\/feuerwehr-ebersgoens.de\/wordpress\/index.php?rest_route=\/wp\/v2\/users\/2"}],"replies":[{"embeddable":true,"href":"https:\/\/feuerwehr-ebersgoens.de\/wordpress\/index.php?rest_route=%2Fwp%2Fv2%2Fcomments&post=557"}],"version-history":[{"count":1,"href":"https:\/\/feuerwehr-ebersgoens.de\/wordpress\/index.php?rest_route=\/wp\/v2\/posts\/557\/revisions"}],"predecessor-version":[{"id":562,"href":"https:\/\/feuerwehr-ebersgoens.de\/wordpress\/index.php?rest_route=\/wp\/v2\/posts\/557\/revisions\/562"}],"wp:featuredmedia":[{"embeddable":true,"href":"https:\/\/feuerwehr-ebersgoens.de\/wordpress\/index.php?rest_route=\/wp\/v2\/media\/558"}],"wp:attachment":[{"href":"https:\/\/feuerwehr-ebersgoens.de\/wordpress\/index.php?rest_route=%2Fwp%2Fv2%2Fmedia&parent=557"}],"wp:term":[{"taxonomy":"category","embeddable":true,"href":"https:\/\/feuerwehr-ebersgoens.de\/wordpress\/index.php?rest_route=%2Fwp%2Fv2%2Fcategories&post=557"},{"taxonomy":"post_tag","embeddable":true,"href":"https:\/\/feuerwehr-ebersgoens.de\/wordpress\/index.php?rest_route=%2Fwp%2Fv2%2Ftags&post=557"}],"curies":[{"name":"wp","href":"https:\/\/api.w.org\/{rel}","templated":true}]}}