{"id":527,"date":"2025-12-08T15:17:50","date_gmt":"2025-12-08T14:17:50","guid":{"rendered":"https:\/\/feuerwehr-ebersgoens.de\/wordpress\/?p=527"},"modified":"2025-12-08T15:21:08","modified_gmt":"2025-12-08T14:21:08","slug":"pressemitteilung","status":"publish","type":"post","link":"https:\/\/feuerwehr-ebersgoens.de\/wordpress\/?p=527","title":{"rendered":"Pressemitteilung"},"content":{"rendered":"\n<p>Feuerwehrverein Ebersg\u00f6ns kritisiert geplante Verz\u00f6gerung und fordert z\u00fcgigen Neubau<\/p>\n\n\n\n<p>Der Vorsitzende des Feuerwehrvereins Ebersg\u00f6ns, Alexander Christoph Wei\u00df, zeigt sich \u00fcber die j\u00fcngst im Haushalts- und Finanzausschuss beobachteten Entwicklungen sehr \u00fcberrascht und tief entt\u00e4uscht.<\/p>\n\n\n\n<p>Das Feuerwehrhaus im Butzbacher Stadtteil Ebersg\u00f6ns befindet sich seit Jahren in einem sehr kritischen baulichen Zustand. Der technische Pr\u00fcfdienst stuft den Zustand des \u00fcber 60 Jahre alten Geb\u00e4udes regelm\u00e4\u00dfig als schlecht bis sehr schlecht ein. Zu den gravierendsten M\u00e4ngeln z\u00e4hlen neben verschiedenen technischen Defiziten vor allem der fehlende Platz um das Einsatzfahrzeug herum. Einsatzkr\u00e4fte k\u00f6nnen sich z.B. erst umziehen, nachdem das Fahrzeug aus der Halle gefahren wurde. Seit Jahren muss deshalb zus\u00e4tzlich ein Au\u00dfencontainer genutzt werden, um die Umkleiden der Einsatzabteilung aufnehmen zu k\u00f6nnen. An eine Geschlechtertrennung und hinreichende sanit\u00e4re Anlagen ist erst gar nicht zu denken.<\/p>\n\n\n\n<p>Um die Einsatzbereitschaft langfristig zu sichern und die gesetzlichen Anforderungen zu erf\u00fcllen, hat die Stadt Butzbach bereits vor vielen Jahren mit verschiedenen Planungen f\u00fcr einen Neubau des Feuerwehr-Ger\u00e4tehauses am bestehenden oder einem neuen Standort in Ebersg\u00f6ns begonnen. Seit 2023 gibt es konkrete Planungen f\u00fcr einen Neubau des Feuerwehr-Ger\u00e4tehaus am Ortseingang. Diese sind inzwischen sehr weit fortgeschritten und auf der Priorit\u00e4tenliste des Ortsbeirates Ebersg\u00f6ns steht der Neubau des Feuerwehr-Ger\u00e4tehauses weiterhin an erster Stelle.<\/p>\n\n\n\n<p>Im Rahmen der j\u00fcngsten Haushaltsberatungen f\u00fcr das Jahr 2026 hat die SPD-Fraktion jedoch einen \u00c4nderungsantrag eingebracht, der vorsieht, eine Mehrzweck-Turnhalle direkt an den geplanten Feuerwehrneubau anzuschlie\u00dfen. Dies soll nach Vorstellung der SPD als Grundsatzbeschluss gelten, wonach das Funktionsgeb\u00e4ude gemeinsam mit dem Feuerwehr-Ger\u00e4tehaus errichtet wird. Ein solcher Schritt w\u00fcrde die aktuellen Planungsprozesse vollst\u00e4ndig stoppen, umfassende \u00dcberarbeitungen notwendig machen, die Baukosten um mehrere Millionen Euro erh\u00f6hen und den Neubau um weitere Jahre verz\u00f6gern.<\/p>\n\n\n\n<p>Wei\u00df dazu: \u201eDie Umsetzung des Neubaus, der der \u00f6ffentlichen Sicherheit dient und die gravierenden technischen M\u00e4ngel des alten Hauses endlich beheben soll, wird durch diesen Antrag mindestens um einige Jahre nach hinten geworfen. Auch die Nachwuchsarbeit wird dadurch erheblich erschwert. Mittelfristig sehe ich damit die Einsatzbereitschaft der Ebersg\u00f6nser Feuerwehr in Gefahr.\u201c<\/p>\n\n\n\n<p>Wei\u00df betont zudem, dass die Feuerwehr Ebersg\u00f6ns den bisherigen Planungsprozesse stets konstruktiv unterst\u00fctzt habe: \u201eJetzt ist aber ein Punkt erreicht, an dem wir dies nicht mehr hinnehmen wollen. Wir warten dringend auf den Neubau des Feuerwehr-Ger\u00e4tehauses \u2013 es darf hier zu keiner weiteren Verz\u00f6gerung kommen. Das sind wir den Ebersg\u00f6nser B\u00fcrgerinnen und B\u00fcrgern sowie der \u00f6ffentlichen Sicherheit schuldig.\u201c.<\/p>\n\n\n\n<p>Unter dem Aspekt der \u00f6ffentlichen Sicherheit stellt Wei\u00df auch eine Zusammenlegung beider Geb\u00e4ude grunds\u00e4tzlich in Frage: \u201eDie bisherigen Erfahrungen mit Besuchern von Veranstaltungen in der Ebersg\u00f6nser Turnhalle zeigen, dass ausgewiesene Parkfl\u00e4chen oder -verbote nicht beachtet werden. Wenn durch eine Veranstaltung notwendige Zufahrten oder Parkfl\u00e4chen der Feuerwehr dann zugestellt sind, sind wir im schlimmsten Fall handlungsunf\u00e4hig.\u201c. Auch die im Antrag erhofften Synergieeffekte sind f\u00fcr Wei\u00df nicht erkennbar: \u201e\u00dcberdimensionierte Heizungsanlagen, gemeinsam genutzte oder \u00f6ffentliche und nicht-\u00f6ffentliche Toiletten und Duschen oder Umkleiden mit Feuerwehr- neben Sportlerspinden? Chaos ist da vorprogrammiert.\u201c<\/p>\n\n\n\n<p>Der Feuerwehrverein stellt abschlie\u00dfend klar, dass der Neubau des Feuerwehrhauses im Ortsteil Ebersg\u00f6ns auf sehr breite Unterst\u00fctzung trifft \u2013 in der Verwaltung, im Magistrat der Stadt Butzbach und im Ortsbeirat Ebersg\u00f6ns. Hier darf es zu keinen weiteren Verz\u00f6gerungen kommen.<\/p>\n\n\n\n<p>Kontakt:<\/p>\n\n\n\n<p><strong>F\u00f6rderverein der Freiwilligen Feuerwehr Ebersg\u00f6ns e.V.<br><\/strong>Vorsitzender: Alexander C. Wei\u00df<br>Zum Wei\u00dfen Stein 8<br>35510 Butzbach-Ebersg\u00f6ns<\/p>\n\n\n\n<p>Tel.: 0171-2948965<br>Mail: vorsitzender@feuerwehr-ebersgoens.de<\/p>\n\n\n\n<p>Ebersg\u00f6ns, 08.12.2025<\/p>\n\n\n\n<p><\/p>\n\n\n\n<p>Download: <\/p>\n\n\n\n<div class=\"wp-block-file\"><a id=\"wp-block-file--media-07faed17-6eec-4e33-9336-f9c9fe43ac08\" href=\"https:\/\/feuerwehr-ebersgoens.de\/wordpress\/wp-content\/uploads\/2025\/12\/PRESSEMITTEILUNG.pdf\">PRESSEMITTEILUNG<\/a><a href=\"https:\/\/feuerwehr-ebersgoens.de\/wordpress\/wp-content\/uploads\/2025\/12\/PRESSEMITTEILUNG.pdf\" class=\"wp-block-file__button wp-element-button\" download aria-describedby=\"wp-block-file--media-07faed17-6eec-4e33-9336-f9c9fe43ac08\">Herunterladen<\/a><\/div>\n\n\n\n<p><\/p>\n","protected":false},"excerpt":{"rendered":"<p>Feuerwehrverein Ebersg\u00f6ns kritisiert geplante Verz\u00f6gerung und fordert z\u00fcgigen Neubau Der Vorsitzende des Feuerwehrvereins Ebersg\u00f6ns, Alexander Christoph Wei\u00df, zeigt sich \u00fcber die j\u00fcngst im Haushalts- und Finanzausschuss beobachteten Entwicklungen sehr \u00fcberrascht und tief entt\u00e4uscht. Das Feuerwehrhaus im Butzbacher Stadtteil Ebersg\u00f6ns befindet sich seit Jahren in einem sehr kritischen baulichen Zustand. Der technische Pr\u00fcfdienst stuft den Zustand [&hellip;]<\/p>\n","protected":false},"author":2,"featured_media":528,"comment_status":"open","ping_status":"open","sticky":false,"template":"","format":"standard","meta":{"footnotes":""},"categories":[16],"tags":[48,47],"class_list":["post-527","post","type-post","status-publish","format-standard","has-post-thumbnail","hentry","category-bekanntmachungen","tag-geraetehaus","tag-pressemitteilung"],"_links":{"self":[{"href":"https:\/\/feuerwehr-ebersgoens.de\/wordpress\/index.php?rest_route=\/wp\/v2\/posts\/527","targetHints":{"allow":["GET"]}}],"collection":[{"href":"https:\/\/feuerwehr-ebersgoens.de\/wordpress\/index.php?rest_route=\/wp\/v2\/posts"}],"about":[{"href":"https:\/\/feuerwehr-ebersgoens.de\/wordpress\/index.php?rest_route=\/wp\/v2\/types\/post"}],"author":[{"embeddable":true,"href":"https:\/\/feuerwehr-ebersgoens.de\/wordpress\/index.php?rest_route=\/wp\/v2\/users\/2"}],"replies":[{"embeddable":true,"href":"https:\/\/feuerwehr-ebersgoens.de\/wordpress\/index.php?rest_route=%2Fwp%2Fv2%2Fcomments&post=527"}],"version-history":[{"count":3,"href":"https:\/\/feuerwehr-ebersgoens.de\/wordpress\/index.php?rest_route=\/wp\/v2\/posts\/527\/revisions"}],"predecessor-version":[{"id":533,"href":"https:\/\/feuerwehr-ebersgoens.de\/wordpress\/index.php?rest_route=\/wp\/v2\/posts\/527\/revisions\/533"}],"wp:featuredmedia":[{"embeddable":true,"href":"https:\/\/feuerwehr-ebersgoens.de\/wordpress\/index.php?rest_route=\/wp\/v2\/media\/528"}],"wp:attachment":[{"href":"https:\/\/feuerwehr-ebersgoens.de\/wordpress\/index.php?rest_route=%2Fwp%2Fv2%2Fmedia&parent=527"}],"wp:term":[{"taxonomy":"category","embeddable":true,"href":"https:\/\/feuerwehr-ebersgoens.de\/wordpress\/index.php?rest_route=%2Fwp%2Fv2%2Fcategories&post=527"},{"taxonomy":"post_tag","embeddable":true,"href":"https:\/\/feuerwehr-ebersgoens.de\/wordpress\/index.php?rest_route=%2Fwp%2Fv2%2Ftags&post=527"}],"curies":[{"name":"wp","href":"https:\/\/api.w.org\/{rel}","templated":true}]}}