{"id":40,"date":"2022-04-09T16:36:00","date_gmt":"2022-04-09T14:36:00","guid":{"rendered":"http:\/\/feuerwehr-ebersgoens.de\/wordpress\/?p=40"},"modified":"2022-09-30T09:34:06","modified_gmt":"2022-09-30T07:34:06","slug":"kaminbrand-in-ebersgoens","status":"publish","type":"post","link":"https:\/\/feuerwehr-ebersgoens.de\/wordpress\/?p=40","title":{"rendered":"Kaminbrand in Ebersg\u00f6ns"},"content":{"rendered":"\n<p>Zum dritten Einsatz des Tages f\u00fcr die Feuerwehr der Stadt Butzbach kam es am Freitagabend. Dieses Mal wurde der Standort Ebersg\u00f6ns alarmiert. Ein Kaminbrand war der Alarmierungsgrund. Aufgrund des Einsatzstichwortes wurde die Drehleiter aus der Kernstadt ebenfalls alarmiert. Ebenso wurde der zust\u00e4ndige Schornsteinfeger an die Einsatzstelle gerufen.<\/p>\n\n\n\n<p>Die erste Erkundung konnte eine starke Erhitzung der Kaminw\u00e4nde zum Wohnraum hin ausschlie\u00dfen. Die eintreffenden Einsatzkr\u00e4fte konnten \u00fcber die Drehleiter einen Blick in das Kamininnere werfen und feststellen, dass es im Kamin brannte. Dieser hatte sich am Rand mit Ru\u00df zugesetzt. Somit war der Querschnitt verringert.<\/p>\n\n\n\n<p>Der Ebersg\u00f6nser Einsatzleiter entschied, den Querschnitt des Kamins mit Hilfe des an Bord der Drehleiter befindlichen Kaminkehrerwerkzeugs zu erweitern.<\/p>\n\n\n\n<p>Nach getaner Arbeit gab es deutlich weniger Rauchentwicklung aus dem Schornstein. Bei fast normalem Querschnitt im Kamin konnte die Einsatzstelle an den eingetroffenen Schornsteinfeger und an den Besitzer \u00fcbergeben werden.<\/p>\n\n\n\n<p>Die Feuerwehr war mit 3 Fahrzeugen und 13 Einsatzkr\u00e4ften vor Ort. Ebenfalls an der Einsatzstelle machte sich der Einsatzleiter vom Dienst ein Bild der Lage.<\/p>\n\n\n\n<p>Weitere Fotos des Einsatzes finden sich <a href=\"https:\/\/feuerwehr-butzbach.de\/2022\/04\/09\/kaminbrand-in-ebersgoens\/\" data-type=\"URL\" data-id=\"https:\/\/feuerwehr-butzbach.de\/2022\/04\/09\/kaminbrand-in-ebersgoens\/\" target=\"_blank\" rel=\"noreferrer noopener\">hier<\/a>.<\/p>\n","protected":false},"excerpt":{"rendered":"<p>Zum dritten Einsatz des Tages f\u00fcr die Feuerwehr der Stadt Butzbach kam es am Freitagabend. Dieses Mal wurde der Standort Ebersg\u00f6ns alarmiert. Ein Kaminbrand war der Alarmierungsgrund. Aufgrund des Einsatzstichwortes wurde die Drehleiter aus der Kernstadt ebenfalls alarmiert. Ebenso wurde der zust\u00e4ndige Schornsteinfeger an die Einsatzstelle gerufen. Die erste Erkundung konnte eine starke Erhitzung der [&hellip;]<\/p>\n","protected":false},"author":3,"featured_media":41,"comment_status":"open","ping_status":"open","sticky":false,"template":"","format":"standard","meta":{"footnotes":""},"categories":[7],"tags":[14,12,13],"class_list":["post-40","post","type-post","status-publish","format-standard","has-post-thumbnail","hentry","category-einsatz","tag-drehleiter","tag-einsatz","tag-kaminbrand"],"_links":{"self":[{"href":"https:\/\/feuerwehr-ebersgoens.de\/wordpress\/index.php?rest_route=\/wp\/v2\/posts\/40","targetHints":{"allow":["GET"]}}],"collection":[{"href":"https:\/\/feuerwehr-ebersgoens.de\/wordpress\/index.php?rest_route=\/wp\/v2\/posts"}],"about":[{"href":"https:\/\/feuerwehr-ebersgoens.de\/wordpress\/index.php?rest_route=\/wp\/v2\/types\/post"}],"author":[{"embeddable":true,"href":"https:\/\/feuerwehr-ebersgoens.de\/wordpress\/index.php?rest_route=\/wp\/v2\/users\/3"}],"replies":[{"embeddable":true,"href":"https:\/\/feuerwehr-ebersgoens.de\/wordpress\/index.php?rest_route=%2Fwp%2Fv2%2Fcomments&post=40"}],"version-history":[{"count":2,"href":"https:\/\/feuerwehr-ebersgoens.de\/wordpress\/index.php?rest_route=\/wp\/v2\/posts\/40\/revisions"}],"predecessor-version":[{"id":43,"href":"https:\/\/feuerwehr-ebersgoens.de\/wordpress\/index.php?rest_route=\/wp\/v2\/posts\/40\/revisions\/43"}],"wp:featuredmedia":[{"embeddable":true,"href":"https:\/\/feuerwehr-ebersgoens.de\/wordpress\/index.php?rest_route=\/wp\/v2\/media\/41"}],"wp:attachment":[{"href":"https:\/\/feuerwehr-ebersgoens.de\/wordpress\/index.php?rest_route=%2Fwp%2Fv2%2Fmedia&parent=40"}],"wp:term":[{"taxonomy":"category","embeddable":true,"href":"https:\/\/feuerwehr-ebersgoens.de\/wordpress\/index.php?rest_route=%2Fwp%2Fv2%2Fcategories&post=40"},{"taxonomy":"post_tag","embeddable":true,"href":"https:\/\/feuerwehr-ebersgoens.de\/wordpress\/index.php?rest_route=%2Fwp%2Fv2%2Ftags&post=40"}],"curies":[{"name":"wp","href":"https:\/\/api.w.org\/{rel}","templated":true}]}}