{"id":37,"date":"2022-05-20T16:34:00","date_gmt":"2022-05-20T14:34:00","guid":{"rendered":"http:\/\/feuerwehr-ebersgoens.de\/wordpress\/?p=37"},"modified":"2022-09-30T09:33:49","modified_gmt":"2022-09-30T07:33:49","slug":"feuer-mit-menschenleben-in-gefahr","status":"publish","type":"post","link":"https:\/\/feuerwehr-ebersgoens.de\/wordpress\/?p=37","title":{"rendered":"Feuer mit Menschenleben in Gefahr"},"content":{"rendered":"\n<p>Im Au\u00dfenlager eines Abschleppdienstes, in dem neben Fahrzeugen auch Fahrzeugteile aller Art gelagert sind, kam es am Freitag zu einem Feuer. Im Geb\u00e4ude befanden sich, laut Aussage eines Zeugen, noch mehrere Mitarbeiter und Kunden. Dies war das gegebene \u00dcbungsszenario, welches von der Feuerwehr Ebersg\u00f6ns ausgearbeitet wurde.<\/p>\n\n\n\n<p>Zu diesem \u00dcbungseinsatz wurden der Butzbacher Standort Ebersg\u00f6ns sowie der Einsatzleitwagen aus Butzbach und aus der Nachbarkommune die Standorte Niederkleen und Oberkleen alarmiert. Ebenfalls wurde die ANTS (Atemschutz-Notfall-Trainierte-Staffel) aus Griedel in die \u00dcbung involviert.<\/p>\n\n\n\n<p>Zun\u00e4chst traf Ebersg\u00f6ns ein und erkundete die Lage. Aus dem halboffenen Tor der Lagerhalle drang bereits Rauch. Ein befragter Zeuge gab an, dass sich noch Personen im Geb\u00e4ude bef\u00e4nden. W\u00e4hrend Ebersg\u00f6ns die Menschenrettung und den L\u00f6schangriff vorbereitete, trafen die Einsatzkr\u00e4fte aus Niederkleen und Oberkleen ein. Ebenso erreichte der Einsatzleiter vom Dienst den Einsatzort.<\/p>\n\n\n\n<p>Nach einer kurzen Lagedarstellung durch den Einsatzleiter aus Ebersg\u00f6ns \u00fcbergab dieser die Leitung dem Einsatzleiter vom Dienst. Es wurden Abschnitte gebildet. Alle eingesetzten Kr\u00e4fte erledigten ihre Aufgaben routiniert. W\u00e4hrend des L\u00f6schangriffs ereignete sich ein fiktiver Atemschutznotfall, die ANTS kam zum Einsatz.&nbsp;<\/p>\n\n\n\n<p>Nach dem Einsatz gab es mit den jeweiligen Fahrzeugf\u00fchrern eine Besprechung, die einzelnen Abschnitte wurden besprochen und eine Begehung des Objekts fehlte ebenfalls nicht.<\/p>\n\n\n\n<p>Anschlie\u00dfend sa\u00dfen alle Einsatzkr\u00e4fte bei leckerer Verpflegung noch zusammen. Auch B\u00fcrgermeister Michael Merle kam vorbei und informierte sich \u00fcber die abgelaufene \u00dcbung.<\/p>\n\n\n\n<p>Insgesamt war man sehr zufrieden mit dem Ablauf der \u00dcbung.&nbsp;<\/p>\n\n\n\n<p><em>Weitere Bilder der \u00dcbung sind <a href=\"https:\/\/feuerwehr-butzbach.de\/2022\/05\/22\/feuer-mit-menschenleben-in-gefahr\/\" data-type=\"URL\" data-id=\"https:\/\/feuerwehr-butzbach.de\/2022\/05\/22\/feuer-mit-menschenleben-in-gefahr\/\" target=\"_blank\" rel=\"noreferrer noopener\">hier <\/a>zu finden.<\/em><\/p>\n","protected":false},"excerpt":{"rendered":"<p>Im Au\u00dfenlager eines Abschleppdienstes, in dem neben Fahrzeugen auch Fahrzeugteile aller Art gelagert sind, kam es am Freitag zu einem Feuer. Im Geb\u00e4ude befanden sich, laut Aussage eines Zeugen, noch mehrere Mitarbeiter und Kunden. Dies war das gegebene \u00dcbungsszenario, welches von der Feuerwehr Ebersg\u00f6ns ausgearbeitet wurde. Zu diesem \u00dcbungseinsatz wurden der Butzbacher Standort Ebersg\u00f6ns sowie [&hellip;]<\/p>\n","protected":false},"author":3,"featured_media":38,"comment_status":"open","ping_status":"open","sticky":false,"template":"","format":"standard","meta":{"footnotes":""},"categories":[6],"tags":[10],"class_list":["post-37","post","type-post","status-publish","format-standard","has-post-thumbnail","hentry","category-uebung","tag-uebung"],"_links":{"self":[{"href":"https:\/\/feuerwehr-ebersgoens.de\/wordpress\/index.php?rest_route=\/wp\/v2\/posts\/37","targetHints":{"allow":["GET"]}}],"collection":[{"href":"https:\/\/feuerwehr-ebersgoens.de\/wordpress\/index.php?rest_route=\/wp\/v2\/posts"}],"about":[{"href":"https:\/\/feuerwehr-ebersgoens.de\/wordpress\/index.php?rest_route=\/wp\/v2\/types\/post"}],"author":[{"embeddable":true,"href":"https:\/\/feuerwehr-ebersgoens.de\/wordpress\/index.php?rest_route=\/wp\/v2\/users\/3"}],"replies":[{"embeddable":true,"href":"https:\/\/feuerwehr-ebersgoens.de\/wordpress\/index.php?rest_route=%2Fwp%2Fv2%2Fcomments&post=37"}],"version-history":[{"count":1,"href":"https:\/\/feuerwehr-ebersgoens.de\/wordpress\/index.php?rest_route=\/wp\/v2\/posts\/37\/revisions"}],"predecessor-version":[{"id":39,"href":"https:\/\/feuerwehr-ebersgoens.de\/wordpress\/index.php?rest_route=\/wp\/v2\/posts\/37\/revisions\/39"}],"wp:featuredmedia":[{"embeddable":true,"href":"https:\/\/feuerwehr-ebersgoens.de\/wordpress\/index.php?rest_route=\/wp\/v2\/media\/38"}],"wp:attachment":[{"href":"https:\/\/feuerwehr-ebersgoens.de\/wordpress\/index.php?rest_route=%2Fwp%2Fv2%2Fmedia&parent=37"}],"wp:term":[{"taxonomy":"category","embeddable":true,"href":"https:\/\/feuerwehr-ebersgoens.de\/wordpress\/index.php?rest_route=%2Fwp%2Fv2%2Fcategories&post=37"},{"taxonomy":"post_tag","embeddable":true,"href":"https:\/\/feuerwehr-ebersgoens.de\/wordpress\/index.php?rest_route=%2Fwp%2Fv2%2Ftags&post=37"}],"curies":[{"name":"wp","href":"https:\/\/api.w.org\/{rel}","templated":true}]}}