{"id":351,"date":"2023-05-09T17:51:22","date_gmt":"2023-05-09T15:51:22","guid":{"rendered":"https:\/\/feuerwehr-ebersgoens.de\/wordpress\/?p=351"},"modified":"2023-05-09T17:51:22","modified_gmt":"2023-05-09T15:51:22","slug":"ebersgoenser-jugendfeuerwehr-erfolgreich-geprueft","status":"publish","type":"post","link":"https:\/\/feuerwehr-ebersgoens.de\/wordpress\/?p=351","title":{"rendered":"Ebersg\u00f6nser Jugendfeuerwehr erfolgreich gepr\u00fcft"},"content":{"rendered":"\n<p>Am 29.04.2023 konnten Mitglieder unserer Jugendfeuerwehr ihr K\u00f6nnen und Wissen bei der Abnahme der Jugendflamme Stufe 1 unter Beweis stellen. Gepr\u00fcft wurden die Bereiche Notruf, Knoten und Stiche, Technik, Praxis sowie theoretische Kenntnisse in Form eines Fragebogens. Alle drei haben die Aufgaben erfolgreich gemeistert und erhielten von den Stadtjugendwarten die Urkunde und das Abzeichen. Danke auch an J\u00f6rg Wagner und Joachim Z\u00f6rb f\u00fcr die Betreuung.<\/p>\n\n\n\n<figure class=\"wp-block-image size-large\"><img loading=\"lazy\" decoding=\"async\" width=\"576\" height=\"1024\" src=\"https:\/\/feuerwehr-ebersgoens.de\/wordpress\/wp-content\/uploads\/2023\/05\/photo_5361597887269684913_y-576x1024.jpg\" alt=\"\" class=\"wp-image-354\" srcset=\"https:\/\/feuerwehr-ebersgoens.de\/wordpress\/wp-content\/uploads\/2023\/05\/photo_5361597887269684913_y-576x1024.jpg 576w, https:\/\/feuerwehr-ebersgoens.de\/wordpress\/wp-content\/uploads\/2023\/05\/photo_5361597887269684913_y-169x300.jpg 169w, https:\/\/feuerwehr-ebersgoens.de\/wordpress\/wp-content\/uploads\/2023\/05\/photo_5361597887269684913_y.jpg 720w\" sizes=\"auto, (max-width: 576px) 100vw, 576px\" \/><\/figure>\n","protected":false},"excerpt":{"rendered":"<p>Am 29.04.2023 konnten Mitglieder unserer Jugendfeuerwehr ihr K\u00f6nnen und Wissen bei der Abnahme der Jugendflamme Stufe 1 unter Beweis stellen. Gepr\u00fcft wurden die Bereiche Notruf, Knoten und Stiche, Technik, Praxis sowie theoretische Kenntnisse in Form eines Fragebogens. Alle drei haben die Aufgaben erfolgreich gemeistert und erhielten von den Stadtjugendwarten die Urkunde und das Abzeichen. Danke [&hellip;]<\/p>\n","protected":false},"author":2,"featured_media":352,"comment_status":"open","ping_status":"open","sticky":false,"template":"","format":"standard","meta":{"footnotes":""},"categories":[16,3],"tags":[22,35],"class_list":["post-351","post","type-post","status-publish","format-standard","has-post-thumbnail","hentry","category-bekanntmachungen","category-veranstaltungen","tag-jugendfeuerwehr","tag-jugendflamme"],"_links":{"self":[{"href":"https:\/\/feuerwehr-ebersgoens.de\/wordpress\/index.php?rest_route=\/wp\/v2\/posts\/351","targetHints":{"allow":["GET"]}}],"collection":[{"href":"https:\/\/feuerwehr-ebersgoens.de\/wordpress\/index.php?rest_route=\/wp\/v2\/posts"}],"about":[{"href":"https:\/\/feuerwehr-ebersgoens.de\/wordpress\/index.php?rest_route=\/wp\/v2\/types\/post"}],"author":[{"embeddable":true,"href":"https:\/\/feuerwehr-ebersgoens.de\/wordpress\/index.php?rest_route=\/wp\/v2\/users\/2"}],"replies":[{"embeddable":true,"href":"https:\/\/feuerwehr-ebersgoens.de\/wordpress\/index.php?rest_route=%2Fwp%2Fv2%2Fcomments&post=351"}],"version-history":[{"count":1,"href":"https:\/\/feuerwehr-ebersgoens.de\/wordpress\/index.php?rest_route=\/wp\/v2\/posts\/351\/revisions"}],"predecessor-version":[{"id":355,"href":"https:\/\/feuerwehr-ebersgoens.de\/wordpress\/index.php?rest_route=\/wp\/v2\/posts\/351\/revisions\/355"}],"wp:featuredmedia":[{"embeddable":true,"href":"https:\/\/feuerwehr-ebersgoens.de\/wordpress\/index.php?rest_route=\/wp\/v2\/media\/352"}],"wp:attachment":[{"href":"https:\/\/feuerwehr-ebersgoens.de\/wordpress\/index.php?rest_route=%2Fwp%2Fv2%2Fmedia&parent=351"}],"wp:term":[{"taxonomy":"category","embeddable":true,"href":"https:\/\/feuerwehr-ebersgoens.de\/wordpress\/index.php?rest_route=%2Fwp%2Fv2%2Fcategories&post=351"},{"taxonomy":"post_tag","embeddable":true,"href":"https:\/\/feuerwehr-ebersgoens.de\/wordpress\/index.php?rest_route=%2Fwp%2Fv2%2Ftags&post=351"}],"curies":[{"name":"wp","href":"https:\/\/api.w.org\/{rel}","templated":true}]}}