{"id":34,"date":"2022-09-10T16:26:00","date_gmt":"2022-09-10T14:26:00","guid":{"rendered":"http:\/\/feuerwehr-ebersgoens.de\/wordpress\/?p=34"},"modified":"2022-09-30T09:33:43","modified_gmt":"2022-09-30T07:33:43","slug":"uebergabe-tsf-w-durch-das-innenministerium","status":"publish","type":"post","link":"https:\/\/feuerwehr-ebersgoens.de\/wordpress\/?p=34","title":{"rendered":"\u00dcbergabe TSF-W durch das Innenministerium"},"content":{"rendered":"\n<p>Am 10.09.2022 fand in Bad Homburg eine symbolische Fahrzeug\u00fcbergabe mehrerer Feuerwehrfahrzeuge statt. Unter anderem wurde auch das neue TSF-W der Butzbacher Stadtteilwehr Ebersg\u00f6ns \u00fcbergeben. Herr Staatssekret\u00e4r Stefan Sauer hielt eine kurze Ansprache und \u00fcbergab u.a. auch Wehrf\u00fchrer J\u00f6rg Wagner symbolisch den Fahrzeugschl\u00fcssel und w\u00fcnschte allzeit gute und unfallfreie Fahrt und ein stets gesundes Heimkommen von den \u00dcbungen und Eins\u00e4tzen. Anschlie\u00dfend an die \u00dcbergabe konnten sich die Anwesenden noch st\u00e4rken, bevor es wieder zur\u00fcck Richtung Butzbach\/ Ebersg\u00f6ns ging. <\/p>\n\n\n\n<p>An der \u00dcbergabe nahmen Stadtrat S\u00f6hngen, Ortsvorsteher Ebersg\u00f6ns Stefan H\u00f6chst, Wehrf\u00fchrer J\u00f6rg Wagner sowie sein Stellvertreter Markus Hampl teil.<\/p>\n\n\n\n<p><em>Text: Andrea Bergens<\/em><\/p>\n","protected":false},"excerpt":{"rendered":"<p>Am 10.09.2022 fand in Bad Homburg eine symbolische Fahrzeug\u00fcbergabe mehrerer Feuerwehrfahrzeuge statt. Unter anderem wurde auch das neue TSF-W der Butzbacher Stadtteilwehr Ebersg\u00f6ns \u00fcbergeben. Herr Staatssekret\u00e4r Stefan Sauer hielt eine kurze Ansprache und \u00fcbergab u.a. auch Wehrf\u00fchrer J\u00f6rg Wagner symbolisch den Fahrzeugschl\u00fcssel und w\u00fcnschte allzeit gute und unfallfreie Fahrt und ein stets gesundes Heimkommen von [&hellip;]<\/p>\n","protected":false},"author":3,"featured_media":35,"comment_status":"open","ping_status":"open","sticky":false,"template":"","format":"standard","meta":{"footnotes":""},"categories":[3],"tags":[8],"class_list":["post-34","post","type-post","status-publish","format-standard","has-post-thumbnail","hentry","category-veranstaltungen","tag-tsf-w"],"_links":{"self":[{"href":"https:\/\/feuerwehr-ebersgoens.de\/wordpress\/index.php?rest_route=\/wp\/v2\/posts\/34","targetHints":{"allow":["GET"]}}],"collection":[{"href":"https:\/\/feuerwehr-ebersgoens.de\/wordpress\/index.php?rest_route=\/wp\/v2\/posts"}],"about":[{"href":"https:\/\/feuerwehr-ebersgoens.de\/wordpress\/index.php?rest_route=\/wp\/v2\/types\/post"}],"author":[{"embeddable":true,"href":"https:\/\/feuerwehr-ebersgoens.de\/wordpress\/index.php?rest_route=\/wp\/v2\/users\/3"}],"replies":[{"embeddable":true,"href":"https:\/\/feuerwehr-ebersgoens.de\/wordpress\/index.php?rest_route=%2Fwp%2Fv2%2Fcomments&post=34"}],"version-history":[{"count":1,"href":"https:\/\/feuerwehr-ebersgoens.de\/wordpress\/index.php?rest_route=\/wp\/v2\/posts\/34\/revisions"}],"predecessor-version":[{"id":36,"href":"https:\/\/feuerwehr-ebersgoens.de\/wordpress\/index.php?rest_route=\/wp\/v2\/posts\/34\/revisions\/36"}],"wp:featuredmedia":[{"embeddable":true,"href":"https:\/\/feuerwehr-ebersgoens.de\/wordpress\/index.php?rest_route=\/wp\/v2\/media\/35"}],"wp:attachment":[{"href":"https:\/\/feuerwehr-ebersgoens.de\/wordpress\/index.php?rest_route=%2Fwp%2Fv2%2Fmedia&parent=34"}],"wp:term":[{"taxonomy":"category","embeddable":true,"href":"https:\/\/feuerwehr-ebersgoens.de\/wordpress\/index.php?rest_route=%2Fwp%2Fv2%2Fcategories&post=34"},{"taxonomy":"post_tag","embeddable":true,"href":"https:\/\/feuerwehr-ebersgoens.de\/wordpress\/index.php?rest_route=%2Fwp%2Fv2%2Ftags&post=34"}],"curies":[{"name":"wp","href":"https:\/\/api.w.org\/{rel}","templated":true}]}}