{"id":331,"date":"2023-03-05T19:45:18","date_gmt":"2023-03-05T18:45:18","guid":{"rendered":"https:\/\/feuerwehr-ebersgoens.de\/wordpress\/?p=331"},"modified":"2023-03-05T19:48:05","modified_gmt":"2023-03-05T18:48:05","slug":"einladung-zur-foto-ausstellung","status":"publish","type":"post","link":"https:\/\/feuerwehr-ebersgoens.de\/wordpress\/?p=331","title":{"rendered":"Einladung zur Foto-Ausstellung"},"content":{"rendered":"\n<p>Die Foto-Ausstellung zur Feuerwehr \u00bbDER HELFER WERK\u00ab in Butzbach wird am Samstag, 11. M\u00e4rz um 12 Uhr im Rahmen des Faselmarktes im ehemaligen Commerzbankgeb\u00e4ude, am Marktplatz 19 er\u00f6ffnet.<\/p>\n\n\n\n<p>Ludmilla Naumann, Inhaberin des Fotostudios lumi\u00e8re fotografie in der Kasernenstra\u00dfe 1 in Butzbach, setzt sich immer wieder mit ihrer Fotokunst mit gesellschaftlichen Fragen auseinander. Auch in dieser Ausstellung will sie der Sache auf den Grund gehen. So fragt sie provokant: Warum die Feuerwehr unterst\u00fctzen? Und f\u00fcgt den weiteren Gedanken hinzu: Stell Dir vor, Du hast einen Unfall, bist eingeklemmt und keiner kommt zur Hilfe.<\/p>\n\n\n\n<p>\u201eDas, was wir als so selbstverst\u00e4ndlich betrachten, ist so selbstverst\u00e4ndlich mittlerweile nicht mehr. F\u00fcr die Menschen, die diese Arbeit tagt\u00e4glich bewerkstelligen wird jedoch immer weniger Wertsch\u00e4tzung entgegengebracht. Im Gegenteil, die Retter werden teilweise angegriffen, angespuckt oder deren Arbeit behindert. Wen wundert es, dass die Bereitschaft diesen Beruf zu ergreifen oder ehrenamtlich sich einzusetzen stark zur\u00fcckgeht\u201c, so Naumann.<\/p>\n\n\n\n<p>Deshalb hat Ludmilla Naumann mit mehreren Einsatzteams der Butzbacher Feuerwehren eindrucksvolle und hochemotionale Fotos geschaffen, die zeigen, wie wertvoll und umfangreich die Arbeit der Feuerwehr ist. Wie viel Engagement, Verantwortung, Initiative und Kraft die Menschen bei der Feuerwehr einbringen.<\/p>\n\n\n\n<p>\u201eZiel der Ausstellung ist es, diesen \u201ehelfenden\u201c Menschen Respekt, Anerkennung und Wertsch\u00e4tzung sowie Dank f\u00fcr ihre Arbeit auszusprechen\u201c, bekr\u00e4ftigt Ludmilla Naumann. Reproduktionen der Bilder werden auch zum Verkauf angeboten. Ein Teilerl\u00f6s des Verkaufs wird f\u00fcr notwendige Ausr\u00fcstungsgegenst\u00e4nde der Jugendfeuerwehr Nieder-Weisel gespendet, um diese bei Ihrer Ausbildung zu zuk\u00fcnftigen Helfern zu unterst\u00fctzen.<\/p>\n\n\n\n<p>\u201eMeine Hoffnung ist es, dass meine Bilder eine andere Sichtweise auf die Arbeit der Feuerwehr er\u00f6ffnen und bestenfalls den Einen oder Anderen dazu bewegen, selbst als Freiwilliger sich dieser vielseitigen, interessanten Arbeit und den Kameraden anzuschlie\u00dfen. Nicht von ungef\u00e4hr hei\u00dft die Ausstellung auch: \u201eDER HELFER WERK\u201c.<\/p>\n\n\n\n<p>Die Stadt Butzbach unterst\u00fctzt das Ausstellungsprojekt und die damit verfolgten Ziele. Die Ausstellung wird vom 11.03. bis 31.03.23 in der Butzbacher Innenstadt, am Marktplatz 19 gezeigt. Die \u00d6ffnungszeiten der Ausstellung sind jeweils Freitag von 14 bis 17 Uhr und Samstag von 10 bis 14 Uhr. <\/p>\n\n\n\n<p>Weitere Informationen finden sich unter: <a href=\"http:\/\/www.stadt-butzbach.de\" data-type=\"URL\" data-id=\"www.stadt-butzbach.de\" target=\"_blank\" rel=\"noreferrer noopener\">www.stadt-butzbach.de <\/a><\/p>\n\n\n\n<p><\/p>\n\n\n\n<figure class=\"wp-block-image size-medium\"><img loading=\"lazy\" decoding=\"async\" width=\"217\" height=\"300\" src=\"https:\/\/feuerwehr-ebersgoens.de\/wordpress\/wp-content\/uploads\/2023\/03\/Ludmilla_Naumann-217x300.jpg\" alt=\"\" class=\"wp-image-332\" srcset=\"https:\/\/feuerwehr-ebersgoens.de\/wordpress\/wp-content\/uploads\/2023\/03\/Ludmilla_Naumann-217x300.jpg 217w, https:\/\/feuerwehr-ebersgoens.de\/wordpress\/wp-content\/uploads\/2023\/03\/Ludmilla_Naumann-740x1024.jpg 740w, https:\/\/feuerwehr-ebersgoens.de\/wordpress\/wp-content\/uploads\/2023\/03\/Ludmilla_Naumann-768x1063.jpg 768w, https:\/\/feuerwehr-ebersgoens.de\/wordpress\/wp-content\/uploads\/2023\/03\/Ludmilla_Naumann-1110x1536.jpg 1110w, https:\/\/feuerwehr-ebersgoens.de\/wordpress\/wp-content\/uploads\/2023\/03\/Ludmilla_Naumann-1479x2048.jpg 1479w, https:\/\/feuerwehr-ebersgoens.de\/wordpress\/wp-content\/uploads\/2023\/03\/Ludmilla_Naumann.jpg 1772w\" sizes=\"auto, (max-width: 217px) 100vw, 217px\" \/><figcaption class=\"wp-element-caption\">Ludmilla Naumann<\/figcaption><\/figure>\n","protected":false},"excerpt":{"rendered":"<p>Die Foto-Ausstellung zur Feuerwehr \u00bbDER HELFER WERK\u00ab in Butzbach wird am Samstag, 11. M\u00e4rz um 12 Uhr im Rahmen des Faselmarktes im ehemaligen Commerzbankgeb\u00e4ude, am Marktplatz 19 er\u00f6ffnet. Ludmilla Naumann, Inhaberin des Fotostudios lumi\u00e8re fotografie in der Kasernenstra\u00dfe 1 in Butzbach, setzt sich immer wieder mit ihrer Fotokunst mit gesellschaftlichen Fragen auseinander. Auch in dieser [&hellip;]<\/p>\n","protected":false},"author":2,"featured_media":333,"comment_status":"open","ping_status":"open","sticky":false,"template":"","format":"standard","meta":{"footnotes":""},"categories":[16,3],"tags":[27,29,28],"class_list":["post-331","post","type-post","status-publish","format-standard","has-post-thumbnail","hentry","category-bekanntmachungen","category-veranstaltungen","tag-ausstellung","tag-faselmarkt","tag-feuerwehr"],"_links":{"self":[{"href":"https:\/\/feuerwehr-ebersgoens.de\/wordpress\/index.php?rest_route=\/wp\/v2\/posts\/331","targetHints":{"allow":["GET"]}}],"collection":[{"href":"https:\/\/feuerwehr-ebersgoens.de\/wordpress\/index.php?rest_route=\/wp\/v2\/posts"}],"about":[{"href":"https:\/\/feuerwehr-ebersgoens.de\/wordpress\/index.php?rest_route=\/wp\/v2\/types\/post"}],"author":[{"embeddable":true,"href":"https:\/\/feuerwehr-ebersgoens.de\/wordpress\/index.php?rest_route=\/wp\/v2\/users\/2"}],"replies":[{"embeddable":true,"href":"https:\/\/feuerwehr-ebersgoens.de\/wordpress\/index.php?rest_route=%2Fwp%2Fv2%2Fcomments&post=331"}],"version-history":[{"count":2,"href":"https:\/\/feuerwehr-ebersgoens.de\/wordpress\/index.php?rest_route=\/wp\/v2\/posts\/331\/revisions"}],"predecessor-version":[{"id":335,"href":"https:\/\/feuerwehr-ebersgoens.de\/wordpress\/index.php?rest_route=\/wp\/v2\/posts\/331\/revisions\/335"}],"wp:featuredmedia":[{"embeddable":true,"href":"https:\/\/feuerwehr-ebersgoens.de\/wordpress\/index.php?rest_route=\/wp\/v2\/media\/333"}],"wp:attachment":[{"href":"https:\/\/feuerwehr-ebersgoens.de\/wordpress\/index.php?rest_route=%2Fwp%2Fv2%2Fmedia&parent=331"}],"wp:term":[{"taxonomy":"category","embeddable":true,"href":"https:\/\/feuerwehr-ebersgoens.de\/wordpress\/index.php?rest_route=%2Fwp%2Fv2%2Fcategories&post=331"},{"taxonomy":"post_tag","embeddable":true,"href":"https:\/\/feuerwehr-ebersgoens.de\/wordpress\/index.php?rest_route=%2Fwp%2Fv2%2Ftags&post=331"}],"curies":[{"name":"wp","href":"https:\/\/api.w.org\/{rel}","templated":true}]}}