{"id":324,"date":"2023-03-04T19:37:21","date_gmt":"2023-03-04T18:37:21","guid":{"rendered":"https:\/\/feuerwehr-ebersgoens.de\/wordpress\/?p=324"},"modified":"2023-03-05T19:39:50","modified_gmt":"2023-03-05T18:39:50","slug":"besuch-im-feuerwehrmuseum","status":"publish","type":"post","link":"https:\/\/feuerwehr-ebersgoens.de\/wordpress\/?p=324","title":{"rendered":"Besuch im Feuerwehrmuseum"},"content":{"rendered":"\n<p>Am 04.03.2023 unternahmen Teile der Einsatzabteilung einen Ausflug in das Deutsche Feuerwehrmuseum nach Fulda.<\/p>\n\n\n\n<p>Beim Eintreffen in Fulda gab es erst mal eine kleine St\u00e4rkung mit Wurst, K\u00e4se, Br\u00f6tchen oder Laugenstange. Danach besuchten wir das kleine aber feine Museum. Hier gab es interessante Exponate und Informationen \u00fcber den Brandschutz im Wandel der Zeit zu sehen.<\/p>\n\n\n\n<p>Im Anschluss haben wir dann in Fulda, in der Gastst\u00e4tte &#8222;Schwarzer Hahn&#8220; zu Mittag gegessen. Vor Antritt der Heimreise gab es noch die M\u00f6glichkeit, den Dom zu besichtigen.<\/p>\n\n\n\n<p>Insgesamt war es eine sehr gelungene und kurzweilige Veranstaltung. <\/p>\n\n\n\n<p>Danke den Organisatorinnen Katja und Hanna Z\u00f6rb!<\/p>\n\n\n\n<figure class=\"wp-block-image size-large\"><img loading=\"lazy\" decoding=\"async\" width=\"1024\" height=\"683\" src=\"https:\/\/feuerwehr-ebersgoens.de\/wordpress\/wp-content\/uploads\/2023\/03\/Fulda_Fw_Museum_20230304_002-1024x683.jpg\" alt=\"\" class=\"wp-image-327\" srcset=\"https:\/\/feuerwehr-ebersgoens.de\/wordpress\/wp-content\/uploads\/2023\/03\/Fulda_Fw_Museum_20230304_002-1024x683.jpg 1024w, https:\/\/feuerwehr-ebersgoens.de\/wordpress\/wp-content\/uploads\/2023\/03\/Fulda_Fw_Museum_20230304_002-300x200.jpg 300w, https:\/\/feuerwehr-ebersgoens.de\/wordpress\/wp-content\/uploads\/2023\/03\/Fulda_Fw_Museum_20230304_002-768x512.jpg 768w, https:\/\/feuerwehr-ebersgoens.de\/wordpress\/wp-content\/uploads\/2023\/03\/Fulda_Fw_Museum_20230304_002-1536x1024.jpg 1536w, https:\/\/feuerwehr-ebersgoens.de\/wordpress\/wp-content\/uploads\/2023\/03\/Fulda_Fw_Museum_20230304_002-2048x1365.jpg 2048w\" sizes=\"auto, (max-width: 1024px) 100vw, 1024px\" \/><\/figure>\n\n\n\n<figure class=\"wp-block-image size-large\"><img loading=\"lazy\" decoding=\"async\" width=\"1024\" height=\"768\" src=\"https:\/\/feuerwehr-ebersgoens.de\/wordpress\/wp-content\/uploads\/2023\/03\/2023-03-04-11-26_DFM_004-1024x768.jpg\" alt=\"\" class=\"wp-image-328\" srcset=\"https:\/\/feuerwehr-ebersgoens.de\/wordpress\/wp-content\/uploads\/2023\/03\/2023-03-04-11-26_DFM_004-1024x768.jpg 1024w, https:\/\/feuerwehr-ebersgoens.de\/wordpress\/wp-content\/uploads\/2023\/03\/2023-03-04-11-26_DFM_004-300x225.jpg 300w, https:\/\/feuerwehr-ebersgoens.de\/wordpress\/wp-content\/uploads\/2023\/03\/2023-03-04-11-26_DFM_004-768x576.jpg 768w\" sizes=\"auto, (max-width: 1024px) 100vw, 1024px\" \/><\/figure>\n\n\n\n<figure class=\"wp-block-image size-large\"><img loading=\"lazy\" decoding=\"async\" width=\"1024\" height=\"768\" src=\"https:\/\/feuerwehr-ebersgoens.de\/wordpress\/wp-content\/uploads\/2023\/03\/2023-03-04-12-12_DFM_027-1024x768.jpg\" alt=\"\" class=\"wp-image-326\" srcset=\"https:\/\/feuerwehr-ebersgoens.de\/wordpress\/wp-content\/uploads\/2023\/03\/2023-03-04-12-12_DFM_027-1024x768.jpg 1024w, https:\/\/feuerwehr-ebersgoens.de\/wordpress\/wp-content\/uploads\/2023\/03\/2023-03-04-12-12_DFM_027-300x225.jpg 300w, https:\/\/feuerwehr-ebersgoens.de\/wordpress\/wp-content\/uploads\/2023\/03\/2023-03-04-12-12_DFM_027-768x576.jpg 768w, https:\/\/feuerwehr-ebersgoens.de\/wordpress\/wp-content\/uploads\/2023\/03\/2023-03-04-12-12_DFM_027-1536x1152.jpg 1536w, https:\/\/feuerwehr-ebersgoens.de\/wordpress\/wp-content\/uploads\/2023\/03\/2023-03-04-12-12_DFM_027-2048x1536.jpg 2048w\" sizes=\"auto, (max-width: 1024px) 100vw, 1024px\" \/><\/figure>\n","protected":false},"excerpt":{"rendered":"<p>Am 04.03.2023 unternahmen Teile der Einsatzabteilung einen Ausflug in das Deutsche Feuerwehrmuseum nach Fulda. Beim Eintreffen in Fulda gab es erst mal eine kleine St\u00e4rkung mit Wurst, K\u00e4se, Br\u00f6tchen oder Laugenstange. Danach besuchten wir das kleine aber feine Museum. Hier gab es interessante Exponate und Informationen \u00fcber den Brandschutz im Wandel der Zeit zu sehen. [&hellip;]<\/p>\n","protected":false},"author":2,"featured_media":325,"comment_status":"open","ping_status":"open","sticky":false,"template":"","format":"standard","meta":{"footnotes":""},"categories":[3],"tags":[24,25,26],"class_list":["post-324","post","type-post","status-publish","format-standard","has-post-thumbnail","hentry","category-veranstaltungen","tag-einsatzabteilung","tag-feuerwehrmuseum","tag-fulda"],"_links":{"self":[{"href":"https:\/\/feuerwehr-ebersgoens.de\/wordpress\/index.php?rest_route=\/wp\/v2\/posts\/324","targetHints":{"allow":["GET"]}}],"collection":[{"href":"https:\/\/feuerwehr-ebersgoens.de\/wordpress\/index.php?rest_route=\/wp\/v2\/posts"}],"about":[{"href":"https:\/\/feuerwehr-ebersgoens.de\/wordpress\/index.php?rest_route=\/wp\/v2\/types\/post"}],"author":[{"embeddable":true,"href":"https:\/\/feuerwehr-ebersgoens.de\/wordpress\/index.php?rest_route=\/wp\/v2\/users\/2"}],"replies":[{"embeddable":true,"href":"https:\/\/feuerwehr-ebersgoens.de\/wordpress\/index.php?rest_route=%2Fwp%2Fv2%2Fcomments&post=324"}],"version-history":[{"count":1,"href":"https:\/\/feuerwehr-ebersgoens.de\/wordpress\/index.php?rest_route=\/wp\/v2\/posts\/324\/revisions"}],"predecessor-version":[{"id":329,"href":"https:\/\/feuerwehr-ebersgoens.de\/wordpress\/index.php?rest_route=\/wp\/v2\/posts\/324\/revisions\/329"}],"wp:featuredmedia":[{"embeddable":true,"href":"https:\/\/feuerwehr-ebersgoens.de\/wordpress\/index.php?rest_route=\/wp\/v2\/media\/325"}],"wp:attachment":[{"href":"https:\/\/feuerwehr-ebersgoens.de\/wordpress\/index.php?rest_route=%2Fwp%2Fv2%2Fmedia&parent=324"}],"wp:term":[{"taxonomy":"category","embeddable":true,"href":"https:\/\/feuerwehr-ebersgoens.de\/wordpress\/index.php?rest_route=%2Fwp%2Fv2%2Fcategories&post=324"},{"taxonomy":"post_tag","embeddable":true,"href":"https:\/\/feuerwehr-ebersgoens.de\/wordpress\/index.php?rest_route=%2Fwp%2Fv2%2Ftags&post=324"}],"curies":[{"name":"wp","href":"https:\/\/api.w.org\/{rel}","templated":true}]}}