{"id":316,"date":"2022-12-28T18:40:00","date_gmt":"2022-12-28T17:40:00","guid":{"rendered":"https:\/\/feuerwehr-ebersgoens.de\/wordpress\/?p=316"},"modified":"2023-01-22T18:45:43","modified_gmt":"2023-01-22T17:45:43","slug":"winterwanderung-2022","status":"publish","type":"post","link":"https:\/\/feuerwehr-ebersgoens.de\/wordpress\/?p=316","title":{"rendered":"Winterwanderung 2022"},"content":{"rendered":"\n<p>Seit langer Zeit wurde erstmalig vom Vereinsvorstand wieder eine Winterwanderung f\u00fcr die<br>Mitglieder der Einsatzabteilung sowie f\u00fcr die Ehren- und Altersabteilung &#8211; jeweils mit Partnern &#8211; f\u00fcr den<br> 27.12.2022 angeboten. <\/p>\n\n\n\n<p>Der Start erfolgte an der Bushaltestelle Ebersg\u00f6ns um 14:00 Uhr. Geplant war eine Tour \u00fcber Oberkleen, dann zum Cleeberger Waldhaus mit dem Ziel Butzbacher Forsthaus und zur\u00fcck nach Ebersg\u00f6ns (ca. 14km). Zwei Verpflegungspausen (Kindergarten Oberkleen, Waldhaus) waren vorgesehen. Bei herrlichem<br>Sonnenschein und angenehmen Temperaturen war es eine sch\u00f6ne Wanderung und das Forsthaus<br>war bereits vor dem Zielzeitpunkt erreicht. Alternativ konnte das Forsthaus auch individuell direkt<br>angesteuert werden, mit der Vorgabe, sp\u00e4testens um 18:00 Uhr dort zum gemeinsamen Abendessen einzutreffen.<\/p>\n\n\n\n<p>Mit insgesamt elf Personen war die Beteiligung der Ehren- und Altersabteilung erfreulich gro\u00df. Auch die Einsatzabteilung war mit 8 Kameradinnen und Kameraden dabei.<\/p>\n\n\n\n<p>Alle empfanden diesen Nachmittag als eine gelungene Veranstaltung.<\/p>\n\n\n\n<figure class=\"wp-block-image size-full\"><img loading=\"lazy\" decoding=\"async\" width=\"733\" height=\"1024\" src=\"https:\/\/feuerwehr-ebersgoens.de\/wordpress\/wp-content\/uploads\/2023\/01\/MicrosoftTeams-image-5.jpg\" alt=\"\" class=\"wp-image-317\" srcset=\"https:\/\/feuerwehr-ebersgoens.de\/wordpress\/wp-content\/uploads\/2023\/01\/MicrosoftTeams-image-5.jpg 733w, https:\/\/feuerwehr-ebersgoens.de\/wordpress\/wp-content\/uploads\/2023\/01\/MicrosoftTeams-image-5-215x300.jpg 215w\" sizes=\"auto, (max-width: 733px) 100vw, 733px\" \/><\/figure>\n","protected":false},"excerpt":{"rendered":"<p>Seit langer Zeit wurde erstmalig vom Vereinsvorstand wieder eine Winterwanderung f\u00fcr dieMitglieder der Einsatzabteilung sowie f\u00fcr die Ehren- und Altersabteilung &#8211; jeweils mit Partnern &#8211; f\u00fcr den 27.12.2022 angeboten. Der Start erfolgte an der Bushaltestelle Ebersg\u00f6ns um 14:00 Uhr. Geplant war eine Tour \u00fcber Oberkleen, dann zum Cleeberger Waldhaus mit dem Ziel Butzbacher Forsthaus und [&hellip;]<\/p>\n","protected":false},"author":2,"featured_media":321,"comment_status":"open","ping_status":"open","sticky":false,"template":"","format":"standard","meta":{"footnotes":""},"categories":[3],"tags":[23],"class_list":["post-316","post","type-post","status-publish","format-standard","has-post-thumbnail","hentry","category-veranstaltungen","tag-winterwanderung"],"_links":{"self":[{"href":"https:\/\/feuerwehr-ebersgoens.de\/wordpress\/index.php?rest_route=\/wp\/v2\/posts\/316","targetHints":{"allow":["GET"]}}],"collection":[{"href":"https:\/\/feuerwehr-ebersgoens.de\/wordpress\/index.php?rest_route=\/wp\/v2\/posts"}],"about":[{"href":"https:\/\/feuerwehr-ebersgoens.de\/wordpress\/index.php?rest_route=\/wp\/v2\/types\/post"}],"author":[{"embeddable":true,"href":"https:\/\/feuerwehr-ebersgoens.de\/wordpress\/index.php?rest_route=\/wp\/v2\/users\/2"}],"replies":[{"embeddable":true,"href":"https:\/\/feuerwehr-ebersgoens.de\/wordpress\/index.php?rest_route=%2Fwp%2Fv2%2Fcomments&post=316"}],"version-history":[{"count":2,"href":"https:\/\/feuerwehr-ebersgoens.de\/wordpress\/index.php?rest_route=\/wp\/v2\/posts\/316\/revisions"}],"predecessor-version":[{"id":322,"href":"https:\/\/feuerwehr-ebersgoens.de\/wordpress\/index.php?rest_route=\/wp\/v2\/posts\/316\/revisions\/322"}],"wp:featuredmedia":[{"embeddable":true,"href":"https:\/\/feuerwehr-ebersgoens.de\/wordpress\/index.php?rest_route=\/wp\/v2\/media\/321"}],"wp:attachment":[{"href":"https:\/\/feuerwehr-ebersgoens.de\/wordpress\/index.php?rest_route=%2Fwp%2Fv2%2Fmedia&parent=316"}],"wp:term":[{"taxonomy":"category","embeddable":true,"href":"https:\/\/feuerwehr-ebersgoens.de\/wordpress\/index.php?rest_route=%2Fwp%2Fv2%2Fcategories&post=316"},{"taxonomy":"post_tag","embeddable":true,"href":"https:\/\/feuerwehr-ebersgoens.de\/wordpress\/index.php?rest_route=%2Fwp%2Fv2%2Ftags&post=316"}],"curies":[{"name":"wp","href":"https:\/\/api.w.org\/{rel}","templated":true}]}}