{"id":247,"date":"2022-10-06T02:14:22","date_gmt":"2022-10-06T00:14:22","guid":{"rendered":"https:\/\/feuerwehr-ebersgoens.de\/wordpress\/?p=247"},"modified":"2022-10-06T02:14:23","modified_gmt":"2022-10-06T00:14:23","slug":"einstellung-corona-einkaufsdienst","status":"publish","type":"post","link":"https:\/\/feuerwehr-ebersgoens.de\/wordpress\/?p=247","title":{"rendered":"Einstellung Corona-Einkaufsdienst"},"content":{"rendered":"\n<p>In der Oktober-Sitzung von Vereinsvorstand und Standortausschuss wurde beschlossen, dass der Corona-Einkaufsdienst der Freiwilligen Feuerwehr per sofort eingestellt wird. Seit M\u00e4rz 2020 standen die Feuerwehrangeh\u00f6rigen in Ebersg\u00f6ns bereit, die Versorgung der Risikogruppen mit Dingen des t\u00e4glichen Bedarfs sicherzustellen.<\/p>\n\n\n\n<p>Der Dienst wurde einige Male in Anspruch &#8211; insgesamt aber nur sehr selten. Einer der Hauptgr\u00fcnde daf\u00fcr war die sehr gute soziale Struktur im Ort. Alle Angeh\u00f6rigen von Risikogruppen haben Freunde, Verwandte und Nachbarn, die Besorgungen erledigen konnten &#8211; oder noch tun. Das unterscheidet Ebersg\u00f6ns von den gr\u00f6\u00dferen Gemeinden, wo Einkaufsdienste teilweise noch sehr stark nachgefragt werden.<\/p>\n","protected":false},"excerpt":{"rendered":"<p>In der Oktober-Sitzung von Vereinsvorstand und Standortausschuss wurde beschlossen, dass der Corona-Einkaufsdienst der Freiwilligen Feuerwehr per sofort eingestellt wird. Seit M\u00e4rz 2020 standen die Feuerwehrangeh\u00f6rigen in Ebersg\u00f6ns bereit, die Versorgung der Risikogruppen mit Dingen des t\u00e4glichen Bedarfs sicherzustellen. Der Dienst wurde einige Male in Anspruch &#8211; insgesamt aber nur sehr selten. Einer der Hauptgr\u00fcnde daf\u00fcr [&hellip;]<\/p>\n","protected":false},"author":2,"featured_media":248,"comment_status":"open","ping_status":"open","sticky":false,"template":"","format":"standard","meta":{"footnotes":""},"categories":[16],"tags":[20,18,19],"class_list":["post-247","post","type-post","status-publish","format-standard","has-post-thumbnail","hentry","category-bekanntmachungen","tag-corona","tag-einkaufsdienst","tag-risikogruppen"],"_links":{"self":[{"href":"https:\/\/feuerwehr-ebersgoens.de\/wordpress\/index.php?rest_route=\/wp\/v2\/posts\/247","targetHints":{"allow":["GET"]}}],"collection":[{"href":"https:\/\/feuerwehr-ebersgoens.de\/wordpress\/index.php?rest_route=\/wp\/v2\/posts"}],"about":[{"href":"https:\/\/feuerwehr-ebersgoens.de\/wordpress\/index.php?rest_route=\/wp\/v2\/types\/post"}],"author":[{"embeddable":true,"href":"https:\/\/feuerwehr-ebersgoens.de\/wordpress\/index.php?rest_route=\/wp\/v2\/users\/2"}],"replies":[{"embeddable":true,"href":"https:\/\/feuerwehr-ebersgoens.de\/wordpress\/index.php?rest_route=%2Fwp%2Fv2%2Fcomments&post=247"}],"version-history":[{"count":1,"href":"https:\/\/feuerwehr-ebersgoens.de\/wordpress\/index.php?rest_route=\/wp\/v2\/posts\/247\/revisions"}],"predecessor-version":[{"id":249,"href":"https:\/\/feuerwehr-ebersgoens.de\/wordpress\/index.php?rest_route=\/wp\/v2\/posts\/247\/revisions\/249"}],"wp:featuredmedia":[{"embeddable":true,"href":"https:\/\/feuerwehr-ebersgoens.de\/wordpress\/index.php?rest_route=\/wp\/v2\/media\/248"}],"wp:attachment":[{"href":"https:\/\/feuerwehr-ebersgoens.de\/wordpress\/index.php?rest_route=%2Fwp%2Fv2%2Fmedia&parent=247"}],"wp:term":[{"taxonomy":"category","embeddable":true,"href":"https:\/\/feuerwehr-ebersgoens.de\/wordpress\/index.php?rest_route=%2Fwp%2Fv2%2Fcategories&post=247"},{"taxonomy":"post_tag","embeddable":true,"href":"https:\/\/feuerwehr-ebersgoens.de\/wordpress\/index.php?rest_route=%2Fwp%2Fv2%2Ftags&post=247"}],"curies":[{"name":"wp","href":"https:\/\/api.w.org\/{rel}","templated":true}]}}