{"id":24,"date":"2022-05-07T15:57:00","date_gmt":"2022-05-07T13:57:00","guid":{"rendered":"http:\/\/feuerwehr-ebersgoens.de\/wordpress\/?p=24"},"modified":"2022-09-30T09:33:56","modified_gmt":"2022-09-30T07:33:56","slug":"jahreshauptversammlung-2022","status":"publish","type":"post","link":"https:\/\/feuerwehr-ebersgoens.de\/wordpress\/?p=24","title":{"rendered":"Jahreshauptversammlung 2022"},"content":{"rendered":"\n<p>Am 07.05.2022 fand im Sch\u00fctzenhaus Ebersg\u00f6ns die gemeinsame Jahreshauptversammlung des F\u00f6rdervereins \u201eFreiwillige Feuerwehr Ebersg\u00f6ns e.V.\u201c und der Einsatzabteilung der Freiwilligen Feuerwehr Ebersg\u00f6ns f\u00fcr das Gesch\u00e4ftsjahr 2021 statt.<\/p>\n\n\n\n<p><strong>Das Protokoll befindet sich zum Download im internen Bereich. <\/strong><\/p>\n\n\n\n<p><em>Hier der Bericht des Vereinsvorsitzenden Alexander C. Wei\u00df:<\/em><\/p>\n\n\n\n<div class=\"wp-block-group\"><div class=\"wp-block-group__inner-container is-layout-flow wp-block-group-is-layout-flow\">\n<p>Der F\u00f6rderverein der Freiwillige Feuerwehr Ebersg\u00f6ns e.V. hatte am 31.12.2021 201 Mitglieder. Diese ergaben sich durch Ver\u00e4nderungen zum Vorjahr in Form von 4 Eintritten und 3 Sterbef\u00e4lle.<\/p>\n\n\n\n<p><br>Diese Zahl unterteilt sich wie folgt (und teilweise bereits geh\u00f6rt) auf die Abteilungen:<br>9 Minifeuerwehr<br>3 Jugendfeuerwehr<br>18 Einsatzabteilung<br>13 Alters- und Ehrenabteilung<br>157 Passiv ohne weitere Abteilung<br>Ehrenmitglieder haben wir derzeit 9.<\/p>\n\n\n\n<p><br>Nach dem ersten Corona-Jahr konnten wir in einem vertrauten Arbeitsmodus ohne Unterbrechung in 2021 weiterarbeiten: Unser monatlichen kombinierten Vorstands- und Standortausschuss-Sitzungen f\u00fchrten wir gr\u00f6\u00dftenteils digital per Videokonferenz durch. Schnell wurde aber deutlich, dass die normalerweise im Januar \/ Februar stattfindende JHV so nicht durchgef\u00fchrt werden konnte \u2013 wir haben diese letztlich im September in Pr\u00e4senz durchf\u00fchren k\u00f6nnen. Pandemiebedingt ohne Essen und ohne G\u00e4ste, wobei die Reihenfolge als nicht wertend verstanden werden soll. Umso mehr freue ich mich, dass wir heute wieder G\u00e4ste und vor allem auch deutlich mehr Mitglieder begr\u00fc\u00dfen k\u00f6nnen. Vielen Dank f\u00fcr Ihr und Euer Interesse und Vertrauen!<\/p>\n\n\n\n<p><br>Da im letzten Jahr nur wenige Mitglieder an der JHV teilnehmen konnten, hier noch einmal in Kurzfassung die Erkl\u00e4rung, warum ich heute hier stehe und Euch begr\u00fc\u00dfe: Zwar hatte ich im Januar 2020 das Amt des Vorsitzenden nur kommissarisch \u00fcbernommen, da aber eine neue JHV zun\u00e4chst nicht durchgef\u00fchrt werden konnte und dann letztlich zeitlich auch recht nah an der planm\u00e4\u00dfig n\u00e4chsten JHV lag, konnte keine neue Vorstandswahl durchgef\u00fchrt werden. Deshalb hatte ich in einer geheimen Abstimmung ein Meinungsbild im Vorstand und Standortausschuss eingeholt \u2013 welches mit 100% Zustimmung ein klares Votum f\u00fcr eine Fortsetzung der Amtsf\u00fchrung bis zur n\u00e4chsten regul\u00e4ren Wahl \u2013 heute \u2013 zeigte.<\/p>\n\n\n\n<p><br>Die Suche nach ehrenamtlichen Helfern, die an einer Arbeit im Vorstand interessiert sind, wurde nat\u00fcrlich trotzdem fortgesetzt und ich freue mich sehr, dass wir mit Nico Althenn hier auch einen wertvollen Zuwachs gewinnen konnten. Zuletzt riefen wir auch in der Einladung zu dieser JHV in der Butzbacher Zeitung und per Aushang um die Meldung von Interessenten auf. Auch an dieser Stelle noch einmal das Angebot, dass sich der Vorstand immer \u00fcber Unterst\u00fctzung freut.<\/p>\n\n\n\n<p><br>Das Jahr 2021 war f\u00fcr die Feuerwehr Ebersg\u00f6ns weiter prim\u00e4r durch die Suche nach einer neuen Unterkunft gepr\u00e4gt. Sah es zun\u00e4chst nach einer Sanierung des Bestandsgeb\u00e4udes aus, wurde durch den Ortsbeirat sp\u00e4ter eine klare Pr\u00e4ferenz f\u00fcr einen Neubau formuliert \u2013 verbunden mit der durch uns signalisierten maximal m\u00f6glichen Flexibilit\u00e4t bzgl. des Standortes. Hauptsache, es geht voran. Leider wurde auch diese Pr\u00e4ferenzbekundung in den Gremien der Stadt nicht richtig verstanden und so musste durch den Ortsbeirat noch einmal nachjustiert werden mit einer klaren Priorisierung der geforderten Bauvorhaben. Hierbei wurde ein Feuerwehr-Neubau noch einmal klar pr\u00e4feriert. Inzwischen sind wir soweit, dass in der letzten Stadtverordnetenversammlung der Beschluss f\u00fcr den Neubau eines Feuerwehrhauses am Ortseingang beschlossen werden sollte. Dieser TOP kam leider nicht mehr zur Abstimmung, da die Sitzung aufgrund einer zeitlichen Beschr\u00e4nkung beendet werden musste. Er steht nun f\u00fcr den 10.05.2022 erneut auf der Tagesordnung zur Abstimmung. Ich gehe davon aus, dass dieser Beschluss durch die SVV angenommen werden wird.<\/p>\n\n\n\n<p><br>Wie geht es dann weiter? Der vorgesehene Bauplatz befindet sich noch nicht im Besitz der Stadt und muss noch erworben werden. Auch der Bebauungsplan muss noch angepasst bzw. erweitert werden. Die Bauleistungen m\u00fcssen zudem \u00f6ffentlich ausgeschrieben werden \u2013 und im Haushaltsplan muss es einen entsprechenden Budgetposten daf\u00fcr geben. Hier wird der Ortsbeirat darauf dr\u00e4ngen, dass im Nachtragshaushalt eine solche Position mit aufgenommen wird und hierzu auch weiter mit den Fraktionen, die in der SVV vertreten sind, im Gespr\u00e4ch bleiben. Trotzdem wird es auch 2022 kein neues Feuerwehrhaus in Ebersg\u00f6ns geben. Unabh\u00e4ngig davon w\u00e4chst der Leidensdruck auf allen Seiten \u2013 denn mit dem neuen TSF-W musste bereits der Gro\u00dfteil der Einsatzabteilung in den Baucontainer am alten Feuerwehrger\u00e4tehaus umziehen und auch die anstehende Begehung der R\u00e4umlichkeiten durch die UKH im September wird sicher nicht positiv ausfallen.<\/p>\n\n\n\n<p>Zum neuen TSF-W: Hier hat der Verein aus eigenen Mitteln zus\u00e4tzliche Komponenten beschafft \u2013 von der R\u00fcckfahrkamera bis zum mit der Funkanlage verbundenen Navigationssystem. Eine sehr gute Gelegenheit f\u00fcr den F\u00f6rderverein, seinem Auftrag nachkommen und die Einsatzabteilung dort zu unterst\u00fctzen, wo sinnvoll Nutzen gestiftet werden kann.<\/p>\n\n\n\n<p><br>Das versuchen wir auch an einer Stelle, die sich unerwartet kompliziert darstellt: An der alten Schule nutzen insbesondere die Jugend- und Minifeuerwehr den Schaukasten zur Information. Dieser sollte durch ein neues Modell in feuerwehrrot ersetzt werden. Hier ist der F\u00f6rderverein zur Stelle \u2013 musste aber feststellen, dass es unerwartet schwierig ist, einen Schaukasten in feuerwehrrot f\u00fcr den Au\u00dfenbereich zu bestellen. Inzwischen wurden in den letzten 14 Monaten 7 Bestellungen bei 7 verschiedenen Anbietern vorgenommen. 6 wurden nach anf\u00e4nglicher Auftragsbest\u00e4tigung wieder storniert. Bestellung Nummer 7 wurde letztendlich nach rund drei Wochen Bearbeitungszeit geliefert. Ich freue mich an dieser Stelle den neuen Schaukasten zu pr\u00e4sentieren und ihn stellvertretend an die Jugendabteilung als Hauptnutzer zu \u00fcbergeben.<\/p>\n\n\n\n<p><br>Was besch\u00e4ftigt den Verein noch? Die Pr\u00e4senz in der \u00d6ffentlichkeit ist uns wichtig \u2013 wir in Vorstand und Standortausschuss, aber auch der Ortsbeirat, sehen die Feuerwehr als st\u00e4ndigen Stadtteilbotschafter und haben deshalb im letzten Jahr neue Vereinskleidung beschafft. Auch der Internetauftritt der Feuerwehr wird \u00fcberarbeitet und in diesem Jahr neu aufgesetzt. Ebenso wollen wir nach 2 Jahren Pause wieder in Ebersg\u00f6ns einen Tag der Feuerwehr ausrichten und am Weihnachtsmarkt pr\u00e4sent sein. Wichtige \u00f6ffentlichkeitswirksame Aktivit\u00e4ten, die leider im letzten Jahr ausfallen mussten.<\/p>\n\n\n\n<p>An dieser Stelle m\u00f6chte ich mich beim Vereinsring der Stadt Butzbach bedanken \u2013 durch das Zuschussprogramm des Vereinsrings wurde der Kauf der Vereinskleidung mit 230 EUR gef\u00f6rdert. Herzlichen Dank daf\u00fcr!<\/p>\n\n\n\n<p>Durch den Vereinsring ma\u00dfgeblich organisiert wurde im letzten Jahr der Kultursommer 2021 auf dem Butzbacher Marktplatz. Hier hatte sich der F\u00f6rderverein bereit erkl\u00e4rt, am Spendenprogramm der Butzbacher Feuerwehren teilzunehmen. Die Mitgliedsbeitr\u00e4ge aller Neuanmeldungen an diesem Tag sollten f\u00fcr die \u201eAktion Deutschland hilft\u201c gespendet werden, die die Eins\u00e4tze der gro\u00dfen deutschen Hilfsorganisationen unterst\u00fctzt. Insbesondere nach der Flutkatastrophe im Ahrtal fand sie wieder bundesweit Beachtung. Insgesamt 7 Neuanmeldungen konnten an diesem Tag f\u00fcr die Feuerwehrvereine verzeichnet werden \u2013 allein 3 davon entfielen auf Ebersg\u00f6ns. \u00dcber 2.000 EUR an Spendengeldern wurden im Rahmen der Aktion gesammelt \u2013 unser Vorstand stockte den Ebersg\u00f6nser Anteil noch einmal auf und so entfielen 100 EUR auf unseren Verein, die dann im August \u00fcberwiesen wurden.<\/p>\n\n\n\n<p>Ganz aktuell m\u00f6chte ich mich noch bei Klaus M\u00fcller bedanken. Er hat uns im Vorgriff auf das neue Feuerwehrhaus bereits eine historische Kopfbedeckung der FF Ebersg\u00f6ns, sowie Fotos aus den 60er Jahren \u00fcbergeben. Diese werden wir in den neuen R\u00e4umlichkeiten geb\u00fchrend in Szene setzen.<\/p>\n\n\n\n<p>Abschlie\u00dfend meine Bitte an euch alle, den Vorstand aktiv zu informieren, sofern ihr Ideen habt, wie die Vereinsziele sinnvoll umgesetzt werden k\u00f6nnen:<\/p>\n\n\n\n<ol class=\"wp-block-list\"><li>den Gedanken der Freiwilligkeit des aktiven Brandschutzes bei den B\u00fcrgerinnen und B\u00fcrgern von Ebersg\u00f6ns zu wecken und zu f\u00f6rdern<\/li><li>das Feuerwehrwesen des Stadtteils Ebersg\u00f6ns ideell und finanziell nach dem geltenden Landesgesetz und den dazu ergangenen Verordnungen und Richtlinien zu f\u00f6rdern<\/li><li>die Interessen der Einsatzabteilung gegen\u00fcber Beh\u00f6rden und \u00fcbergeordneten Verb\u00e4nden zu vertreten<\/li><li>die sozialen und wirtschaftlichen Belange der Einsatzabteilung wahrzunehmen<\/li><li>die Kameradschaftspflege zwischen den Mitgliedern des Vereines und anderen Vereinen<\/li><li>Subvention von einschl\u00e4gigen Fort- u Weiterbildungsveranstaltungen f\u00fcr Mitglieder von Verein und Feuerwehr<\/li><\/ol>\n<\/div><\/div>\n\n\n\n<p><\/p>\n\n\n\n<p><\/p>\n","protected":false},"excerpt":{"rendered":"<p>Am 07.05.2022 fand im Sch\u00fctzenhaus Ebersg\u00f6ns die gemeinsame Jahreshauptversammlung des F\u00f6rdervereins \u201eFreiwillige Feuerwehr Ebersg\u00f6ns e.V.\u201c und der Einsatzabteilung der Freiwilligen Feuerwehr Ebersg\u00f6ns f\u00fcr das Gesch\u00e4ftsjahr 2021 statt. Das Protokoll befindet sich zum Download im internen Bereich. Hier der Bericht des Vereinsvorsitzenden Alexander C. Wei\u00df: Der F\u00f6rderverein der Freiwillige Feuerwehr Ebersg\u00f6ns e.V. hatte am 31.12.2021 201 [&hellip;]<\/p>\n","protected":false},"author":2,"featured_media":33,"comment_status":"open","ping_status":"open","sticky":false,"template":"","format":"standard","meta":{"footnotes":""},"categories":[3],"tags":[4],"class_list":["post-24","post","type-post","status-publish","format-standard","has-post-thumbnail","hentry","category-veranstaltungen","tag-jahreshauptversammlung"],"_links":{"self":[{"href":"https:\/\/feuerwehr-ebersgoens.de\/wordpress\/index.php?rest_route=\/wp\/v2\/posts\/24","targetHints":{"allow":["GET"]}}],"collection":[{"href":"https:\/\/feuerwehr-ebersgoens.de\/wordpress\/index.php?rest_route=\/wp\/v2\/posts"}],"about":[{"href":"https:\/\/feuerwehr-ebersgoens.de\/wordpress\/index.php?rest_route=\/wp\/v2\/types\/post"}],"author":[{"embeddable":true,"href":"https:\/\/feuerwehr-ebersgoens.de\/wordpress\/index.php?rest_route=\/wp\/v2\/users\/2"}],"replies":[{"embeddable":true,"href":"https:\/\/feuerwehr-ebersgoens.de\/wordpress\/index.php?rest_route=%2Fwp%2Fv2%2Fcomments&post=24"}],"version-history":[{"count":3,"href":"https:\/\/feuerwehr-ebersgoens.de\/wordpress\/index.php?rest_route=\/wp\/v2\/posts\/24\/revisions"}],"predecessor-version":[{"id":146,"href":"https:\/\/feuerwehr-ebersgoens.de\/wordpress\/index.php?rest_route=\/wp\/v2\/posts\/24\/revisions\/146"}],"wp:featuredmedia":[{"embeddable":true,"href":"https:\/\/feuerwehr-ebersgoens.de\/wordpress\/index.php?rest_route=\/wp\/v2\/media\/33"}],"wp:attachment":[{"href":"https:\/\/feuerwehr-ebersgoens.de\/wordpress\/index.php?rest_route=%2Fwp%2Fv2%2Fmedia&parent=24"}],"wp:term":[{"taxonomy":"category","embeddable":true,"href":"https:\/\/feuerwehr-ebersgoens.de\/wordpress\/index.php?rest_route=%2Fwp%2Fv2%2Fcategories&post=24"},{"taxonomy":"post_tag","embeddable":true,"href":"https:\/\/feuerwehr-ebersgoens.de\/wordpress\/index.php?rest_route=%2Fwp%2Fv2%2Ftags&post=24"}],"curies":[{"name":"wp","href":"https:\/\/api.w.org\/{rel}","templated":true}]}}