{"id":1,"date":"2022-09-24T17:39:00","date_gmt":"2022-09-24T15:39:00","guid":{"rendered":"http:\/\/feuerwehr-ebersgoens.de\/wordpress\/?p=1"},"modified":"2022-09-30T09:33:27","modified_gmt":"2022-09-30T07:33:27","slug":"hello-world","status":"publish","type":"post","link":"https:\/\/feuerwehr-ebersgoens.de\/wordpress\/?p=1","title":{"rendered":"Tag der Feuerwehr und \u00dcbergabe neues TSF-W"},"content":{"rendered":"\n<p>Zum \u201eTag der Feuerwehr\u201c am 24.09.2022 des Standortes Ebersg\u00f6ns wurde das neue Tragkraftspritzenfahrzeug-Wasser (TSF-W) nun offiziell durch B\u00fcrgermeister Michael Merle seinem Zweck \u00fcbergeben. Die Einsatzkr\u00e4fte hatten die Bev\u00f6lkerung hierzu eingeladen, sich das Fahrzeug aus n\u00e4chster N\u00e4he anzuschauen.<br>In seiner Ansprache betonte der Rathauschef, dass die Stadt Geld in die Standorte investiert, sei es f\u00fcr Fahrzeuge, Ausr\u00fcstung oder auch Feuerwehrh\u00e4user, welches den B\u00fcrgern zugute kommt, da sie sich im Notfall auf eine schlagkr\u00e4ftige Feuerwehr verlassen kann. Was in Ebersg\u00f6ns noch fehlt, sei ein neues Feuerwehrhaus. Auch das wird in den zust\u00e4ndigen Gremien vorangetrieben. Ebersg\u00f6ns ist nicht der einzige Standort, wo das neue Fahrzeug vor dem neuen Feuerwehrhaus da ist. Doch hat man hier f\u00fcr eine \u00dcbergangsl\u00f6sung gesorgt, sodass die Ebersg\u00f6nser Feuerwehrleute jederzeit einsatzbereit sind.<br>Stadtbrandinspektor Christian Veitenhansl bescheinigte den Ebersg\u00f6nsern eine kompetente Feuerwehr, die stets Engagement zeigen und da sind, wenn man sie braucht. Zum alten Feuerwehrfahrzeug erz\u00e4hlte er dessen weitere Lebensgeschichte. Zum Zeitpunkt, als das neue Fahrzeug in Herbstein\/Vogelsberg, also sozusagen vor der Haust\u00fcr, fertiggestellt wurde, kam die Anfrage der Ukraine nach Einsatzfahrzeugen. Die Stadt Butzbach mit B\u00fcrgermeister Merle an der Spitze hat keinen Moment gez\u00f6gert und sofort die Zusage gegeben, das nach deutschem Standard ausgediente, dennoch voll funktions- und einsatzf\u00e4hige TSF-W an die Ukraine zu spenden. So \u00fcberf\u00fchrten einige Kameraden die Fahrzeuge nach Krakau, wo sie mit andern Fahrzeugspenden aus Hessen an die ukrainischen Kr\u00e4fte \u00fcbergeben werden konnten. Die Fahrt nach Krakau war durchaus spannend, denn vom Wetter, u. a. Schneefall, abgesehen, wurden die Kameraden zuf\u00e4llige Retter von Verkehrsunf\u00e4llen, die sich auf der Strecke ereigneten, bei denen sie sofort zur Hilfe kamen.<br>Sowohl Michael Merle als auch Christian Veitenhansl w\u00fcnschten den Einsatzkr\u00e4ften ein immer gesundes Heimkommen von \u00dcbungen und Eins\u00e4tzen.<\/p>\n\n\n\n<blockquote class=\"wp-block-quote is-layout-flow wp-block-quote-is-layout-flow\"><p><em>Text: Andrea Bergens<\/em><\/p><\/blockquote>\n","protected":false},"excerpt":{"rendered":"<p>Zum \u201eTag der Feuerwehr\u201c am 24.09.2022 des Standortes Ebersg\u00f6ns wurde das neue Tragkraftspritzenfahrzeug-Wasser (TSF-W) nun offiziell durch B\u00fcrgermeister Michael Merle seinem Zweck \u00fcbergeben. Die Einsatzkr\u00e4fte hatten die Bev\u00f6lkerung hierzu eingeladen, sich das Fahrzeug aus n\u00e4chster N\u00e4he anzuschauen.In seiner Ansprache betonte der Rathauschef, dass die Stadt Geld in die Standorte investiert, sei es f\u00fcr Fahrzeuge, Ausr\u00fcstung [&hellip;]<\/p>\n","protected":false},"author":3,"featured_media":11,"comment_status":"open","ping_status":"open","sticky":false,"template":"","format":"standard","meta":{"footnotes":""},"categories":[3],"tags":[9,8],"class_list":["post-1","post","type-post","status-publish","format-standard","has-post-thumbnail","hentry","category-veranstaltungen","tag-tag-der-feuerwehr","tag-tsf-w"],"_links":{"self":[{"href":"https:\/\/feuerwehr-ebersgoens.de\/wordpress\/index.php?rest_route=\/wp\/v2\/posts\/1","targetHints":{"allow":["GET"]}}],"collection":[{"href":"https:\/\/feuerwehr-ebersgoens.de\/wordpress\/index.php?rest_route=\/wp\/v2\/posts"}],"about":[{"href":"https:\/\/feuerwehr-ebersgoens.de\/wordpress\/index.php?rest_route=\/wp\/v2\/types\/post"}],"author":[{"embeddable":true,"href":"https:\/\/feuerwehr-ebersgoens.de\/wordpress\/index.php?rest_route=\/wp\/v2\/users\/3"}],"replies":[{"embeddable":true,"href":"https:\/\/feuerwehr-ebersgoens.de\/wordpress\/index.php?rest_route=%2Fwp%2Fv2%2Fcomments&post=1"}],"version-history":[{"count":2,"href":"https:\/\/feuerwehr-ebersgoens.de\/wordpress\/index.php?rest_route=\/wp\/v2\/posts\/1\/revisions"}],"predecessor-version":[{"id":23,"href":"https:\/\/feuerwehr-ebersgoens.de\/wordpress\/index.php?rest_route=\/wp\/v2\/posts\/1\/revisions\/23"}],"wp:featuredmedia":[{"embeddable":true,"href":"https:\/\/feuerwehr-ebersgoens.de\/wordpress\/index.php?rest_route=\/wp\/v2\/media\/11"}],"wp:attachment":[{"href":"https:\/\/feuerwehr-ebersgoens.de\/wordpress\/index.php?rest_route=%2Fwp%2Fv2%2Fmedia&parent=1"}],"wp:term":[{"taxonomy":"category","embeddable":true,"href":"https:\/\/feuerwehr-ebersgoens.de\/wordpress\/index.php?rest_route=%2Fwp%2Fv2%2Fcategories&post=1"},{"taxonomy":"post_tag","embeddable":true,"href":"https:\/\/feuerwehr-ebersgoens.de\/wordpress\/index.php?rest_route=%2Fwp%2Fv2%2Ftags&post=1"}],"curies":[{"name":"wp","href":"https:\/\/api.w.org\/{rel}","templated":true}]}}